{"id":9996,"date":"2025-09-03T11:58:22","date_gmt":"2025-09-03T10:58:22","guid":{"rendered":"https:\/\/antrix.pt\/?p=9996"},"modified":"2025-09-10T12:00:55","modified_gmt":"2025-09-10T11:00:55","slug":"silves-imobiliarias-de-erik-de-vlieger-compram-devoluta-mas-iconica-fabrica-do-ingles","status":"publish","type":"post","link":"https:\/\/antrix.pt\/pt-pt\/silves-imobiliarias-de-erik-de-vlieger-compram-devoluta-mas-iconica-fabrica-do-ingles\/","title":{"rendered":"Silves: Imobili\u00e1rias de Erik de Vlieger compram devoluta mas ic\u00f3nica F\u00e1brica do Ingl\u00eas"},"content":{"rendered":"\t\t<div data-elementor-type=\"wp-post\" data-elementor-id=\"9996\" class=\"elementor elementor-9996\" data-elementor-post-type=\"post\">\n\t\t\t\t<div class=\"elementor-element elementor-element-e171361 animated-fast e-flex e-con-boxed elementor-invisible e-con e-parent\" data-id=\"e171361\" data-element_type=\"container\" data-settings=\"{&quot;background_background&quot;:&quot;classic&quot;,&quot;animation&quot;:&quot;h-neuron-animation--slideUp&quot;}\">\n\t\t\t\t\t<div class=\"e-con-inner\">\n\t\t<div class=\"elementor-element elementor-element-7da5131 e-con-full e-flex e-con e-child\" data-id=\"7da5131\" data-element_type=\"container\">\n\t\t\t\t<div class=\"elementor-element elementor-element-7640e65 elementor-widget elementor-widget-heading\" data-id=\"7640e65\" data-element_type=\"widget\" data-widget_type=\"heading.default\">\n\t\t\t\t<div class=\"elementor-widget-container\">\n\t\t\t\t\t<span class=\"elementor-heading-title elementor-size-default\">3 Setembro 2025<\/span>\t\t\t\t<\/div>\n\t\t\t\t<\/div>\n\t\t\t\t<div class=\"elementor-element elementor-element-c1392d6 elementor-widget elementor-widget-heading\" data-id=\"c1392d6\" data-element_type=\"widget\" data-widget_type=\"heading.default\">\n\t\t\t\t<div class=\"elementor-widget-container\">\n\t\t\t\t\t<span class=\"elementor-heading-title elementor-size-default\"><a href=\"https:\/\/antrix.pt\/pt-pt\/tag\/fabrica-do-ingles-pt-pt\/\" rel=\"tag\">F\u00e1brica do Ingl\u00eas<\/a><\/span>\t\t\t\t<\/div>\n\t\t\t\t<\/div>\n\t\t\t\t<\/div>\n\t\t\t\t<div class=\"elementor-element elementor-element-8b88963 elementor-widget elementor-widget-neuron-post-title elementor-page-title elementor-widget-heading\" data-id=\"8b88963\" data-element_type=\"widget\" data-widget_type=\"neuron-post-title.default\">\n\t\t\t\t<div class=\"elementor-widget-container\">\n\t\t\t\t\t<h3 class=\"elementor-heading-title elementor-size-default\">Silves: Imobili\u00e1rias de Erik de Vlieger compram devoluta mas ic\u00f3nica F\u00e1brica do Ingl\u00eas<\/h3>\t\t\t\t<\/div>\n\t\t\t\t<\/div>\n\t\t\t\t\t<\/div>\n\t\t\t\t<\/div>\n\t\t<div class=\"elementor-element elementor-element-1b76ddc animated-fast e-flex e-con-boxed elementor-invisible e-con e-parent\" data-id=\"1b76ddc\" data-element_type=\"container\" data-settings=\"{&quot;animation&quot;:&quot;h-neuron-animation--slideUp&quot;}\">\n\t\t\t\t\t<div class=\"e-con-inner\">\n\t\t\t\t<div class=\"elementor-element elementor-element-fe49ccd elementor-widget elementor-widget-text-editor\" data-id=\"fe49ccd\" data-element_type=\"widget\" data-widget_type=\"text-editor.default\">\n\t\t\t\t<div class=\"elementor-widget-container\">\n\t\t\t\t\t\t\t\t\t<em>Source: <span style=\"text-decoration: underline;\"><a href=\"https:\/\/www.barlavento.pt\/silves-imobiliarias-de-erik-de-vlieger-compram-devoluta-mas-iconica-fabrica-do-ingles\/\"> https:\/\/www.barlavento.pt\/silves-imobiliarias-de-erik-de-vlieger-compram-devoluta-mas-iconica-fabrica-do-ingles\/<\/a><\/span><\/em>\n<h5><h5>Silves: Imobili\u00e1rias de Erik de Vlieger compram devoluta mas ic\u00f3nica F\u00e1brica do Ingl\u00eas<\/h5>\n<strong>A Antrix e a Carvoeiro Branco, promotoras imobili\u00e1rias sediadas no Algarve, anunciam hoje a aquisi\u00e7\u00e3o da F\u00e1brica do Ingl\u00eas, em Silves.<\/strong>\n<\/p>\n<p class=\"p1\">A emblem\u00e1tica F\u00e1brica do Ingl\u00eas, em Silves, foi adquirida pelas promotoras imobili\u00e1rias Antrix e Carvoeiro Branco, ligadas ao empres\u00e1rio e investidor holand\u00eas Erik de Vlieger.\n<\/p>\n<p class=\"p1\">As empresas falam num \u00abinvestimento de grande significado econ\u00f3mico, cultural e patrimonial\u00bb para o concelho, com a promessa de devolver vida a um espa\u00e7o que est\u00e1 devoluto desde 2009.\n<\/p>\n<p class=\"p1\">O futuro passa pela reabertura do Museu da Corti\u00e7a, distinguido em 2001 como o melhor museu industrial da Europa, ano em que recebeu mais de 100 mil visitantes.\n<\/p>\n<p class=\"p1\">O projeto inclui ainda a recupera\u00e7\u00e3o dos edif\u00edcios hist\u00f3ricos, como o chalet do s\u00e9culo XIX que voltar\u00e1 a acolher uma casa de ch\u00e1, bem como a instala\u00e7\u00e3o de uma unidade hoteleira de charme.\n<\/p>\n<p class=\"p1\">Segundo os promotores, tamb\u00e9m os escrit\u00f3rios da Antrix e da Carvoeiro Branco v\u00e3o fixar-se no interior do complexo reabilitado, refor\u00e7ando \u00abo enraizamento local\u00bb e \u00abo compromisso com a valoriza\u00e7\u00e3o do patrim\u00f3nio edificado\u00bb.\n<\/p>\n<p class=\"p1\">A F\u00e1brica do Ingl\u00eas remonta a 1894, quando foi constru\u00edda como unidade de transforma\u00e7\u00e3o da corti\u00e7a, setor fundamental da economia algarvia dos s\u00e9culos XIX e XX. Em 1908, o brit\u00e2nico Victor Sadler assumiu a gest\u00e3o, ficando para sempre ligado \u00e0 identidade do espa\u00e7o e \u00e0 origem do nome. Em 1999 abriu como Museu da Corti\u00e7a e centro cultural, mas encerrou dez anos depois, na sequ\u00eancia da insolv\u00eancia da entidade gestora.\n<\/p>\n<p class=\"p1\">As empresas sublinham que a concretiza\u00e7\u00e3o deste projeto \u00abn\u00e3o teria sido poss\u00edvel sem o apoio firme\u00bb da C\u00e2mara de Silves, destacando a presidente Rosa Palma, a vice-presidente Lu\u00edsa Conduto e o vereador Maxime Sousa Bispo. O Banco Atl\u00e2ntico Europa \u00e9 tamb\u00e9m parceiro financeiro da opera\u00e7\u00e3o.\n<\/p>\n<p class=\"p1\">O interesse de Erik de Vlieger pela F\u00e1brica do Ingl\u00eas remonta h\u00e1 quase duas d\u00e9cadas, per\u00edodo em que se consolidou a liga\u00e7\u00e3o a Silves, nomeadamente atrav\u00e9s do patroc\u00ednio principal ao Silves Futebol Clube.\n<\/p>\n<p class=\"p1\">Com sede no Algarve, a Carvoeiro Branco tem quase 20 anos de experi\u00eancia e 25 posi\u00e7\u00f5es de desenvolvimento na regi\u00e3o. J\u00e1 a Antrix, com capital internacional, prepara projetos em v\u00e1rias regi\u00f5es de Portugal e no sul de Espanha, depois de ter iniciado atividade no Algarve.\n<\/p>\n<p class=\"p1\">J\u00e1 em 2019, Rosa Palma, presidente da C\u00e2mara Municipal de Silves tinha revelado ao barlavento que no complexo hoje devoluto, deveria nascer uma unidade hoteleira de luxo com apartamentos, SPA, piscina, restaurante e servi\u00e7os de sa\u00fade.\n<\/p>\n<p class=\"p1\">Em janeiro de 2025, a Antrix, empresa irm\u00e3 da Carvoeiro Branco, anunciou a compra da antiga f\u00e1brica de ra\u00e7\u00f5es para animais BelaOlh\u00e3o, num investimento cujo volume de neg\u00f3cios ronda 300 milh\u00f5es de euros.\t\t\t\t\t\t\t\t<\/div>\n\t\t\t\t<\/div>\n\t\t\t\t\t<\/div>\n\t\t\t\t<\/div>\n\t\t<div class=\"elementor-element elementor-element-cd2fa53 animated-fast e-flex e-con-boxed elementor-invisible e-con e-parent\" data-id=\"cd2fa53\" data-element_type=\"container\" data-settings=\"{&quot;animation&quot;:&quot;h-neuron-animation--slideUp&quot;}\">\n\t\t\t\t\t<div class=\"e-con-inner\">\n\t\t<div class=\"elementor-element elementor-element-109933b e-con-full e-flex e-con e-child\" data-id=\"109933b\" data-element_type=\"container\">\n\t\t\t\t<div class=\"elementor-element elementor-element-6ee1856 elementor-widget elementor-widget-neuron-post-navigation\" data-id=\"6ee1856\" data-element_type=\"widget\" data-widget_type=\"neuron-post-navigation.default\">\n\t\t\t\t<div class=\"elementor-widget-container\">\n\t\t\t\t\t\t\t<div class=\"o-post-navigation\">\r\n\r\n\t\t\t\r\n\t\t\t\t\t\t\t<div class=\"o-post-navigation__link o-post-navigation__link--prev\" >\r\n\t\t\t\t\t<a href=\"https:\/\/antrix.pt\/pt-pt\/duas-promotoras-imobiliarias-compram-fabrica-do-ingles-para-reabrir-museu-da-cortica-e-criar-hotel-de-charme\/\" rel=\"prev\"><div class=\"o-post-navigation__icon left\">\r\n\t\t\t \r\n\t\t\t<span class=\"o-post-navigation__label\">Anterior<\/span>\r\n\t\t\t<\/div>\r\n\t\t\t<span class=\"o-post-navigation__title\">Duas promotoras imobili\u00e1rias compram F\u00e1brica do Ingl\u00eas para reabrir Museu da Corti\u00e7a e criar hotel de charme<\/span><\/a>\t\t\t\t<\/div>\r\n\t\t\t\r\n\t\t\t\t\t\t\t<div class=\"o-post-navigation__link o-post-navigation__link--next\" >\r\n\t\t\t\t\t<a href=\"https:\/\/antrix.pt\/pt-pt\/as-promotoras-antrix-e-carvoeiro-branco-compram-a-iconica-fabrica-do-ingles-em-silves\/\" rel=\"next\"><div class=\"o-post-navigation__icon right\">\r\n\t\t\t<span class=\"o-post-navigation__label\">Pr\u00f3ximo<\/span> \r\n\t\t\t<\/div>\r\n\t\t\t<span class=\"o-post-navigation__title\">As promotoras Antrix e Carvoeiro Branco compram a ic\u00f3nica F\u00e1brica do Ingl\u00eas em Silves<\/span><\/a>\t\t\t\t<\/div>\r\n\t\t\t\t\t<\/div>\r\n\t\t\t\t\t<\/div>\n\t\t\t\t<\/div>\n\t\t\t\t<\/div>\n\t\t\t\t\t<\/div>\n\t\t\t\t<\/div>\n\t\t\t\t<\/div>\n\t\t","protected":false},"excerpt":{"rendered":"<p>A Antrix e a Carvoeiro Branco, promotoras imobili\u00e1rias sediadas no Algarve, anunciam hoje a aquisi\u00e7\u00e3o da F\u00e1brica do Ingl\u00eas, em Silves. &#8230;<\/p>\n","protected":false},"author":4,"featured_media":9944,"comment_status":"open","ping_status":"open","sticky":false,"template":"elementor_header_footer","format":"standard","meta":{"footnotes":""},"categories":[113],"tags":[132],"class_list":["post-9996","post","type-post","status-publish","format-standard","has-post-thumbnail","hentry","category-noticias-artigos","tag-fabrica-do-ingles-pt-pt"],"yoast_head":"<!-- This site is optimized with the Yoast SEO plugin v25.0 - https:\/\/yoast.com\/wordpress\/plugins\/seo\/ -->\n<title>Silves: Imobili\u00e1rias de Erik de Vlieger compram devoluta mas ic\u00f3nica F\u00e1brica do Ingl\u00eas - Antrix<\/title>\n<meta name=\"robots\" content=\"index, follow, max-snippet:-1, max-image-preview:large, max-video-preview:-1\" \/>\n<link rel=\"canonical\" href=\"https:\/\/antrix.pt\/pt-pt\/silves-imobiliarias-de-erik-de-vlieger-compram-devoluta-mas-iconica-fabrica-do-ingles\/\" \/>\n<meta property=\"og:locale\" content=\"pt_PT\" \/>\n<meta property=\"og:type\" content=\"article\" \/>\n<meta property=\"og:title\" content=\"Silves: Imobili\u00e1rias de Erik de Vlieger compram devoluta mas ic\u00f3nica F\u00e1brica do Ingl\u00eas - Antrix\" \/>\n<meta property=\"og:description\" content=\"A Antrix e a Carvoeiro Branco, promotoras imobili\u00e1rias sediadas no Algarve, anunciam hoje a aquisi\u00e7\u00e3o da F\u00e1brica do Ingl\u00eas, em Silves. ...\" \/>\n<meta property=\"og:url\" content=\"https:\/\/antrix.pt\/pt-pt\/silves-imobiliarias-de-erik-de-vlieger-compram-devoluta-mas-iconica-fabrica-do-ingles\/\" \/>\n<meta property=\"og:site_name\" content=\"Antrix\" \/>\n<meta property=\"article:published_time\" content=\"2025-09-03T10:58:22+00:00\" \/>\n<meta property=\"article:modified_time\" content=\"2025-09-10T11:00:55+00:00\" \/>\n<meta property=\"og:image\" content=\"https:\/\/antrix.pt\/wp-content\/uploads\/2025\/08\/Front_Page-Edited-scaled.jpg\" \/>\n\t<meta property=\"og:image:width\" content=\"2500\" \/>\n\t<meta property=\"og:image:height\" content=\"1406\" \/>\n\t<meta property=\"og:image:type\" content=\"image\/jpeg\" \/>\n<meta name=\"author\" content=\"Pedro Limbert\" \/>\n<meta name=\"twitter:card\" content=\"summary_large_image\" \/>\n<meta name=\"twitter:label1\" content=\"Escrito por\" \/>\n\t<meta name=\"twitter:data1\" content=\"Pedro Limbert\" \/>\n\t<meta name=\"twitter:label2\" content=\"Tempo estimado de leitura\" \/>\n\t<meta name=\"twitter:data2\" content=\"3 minutos\" \/>\n<script type=\"application\/ld+json\" class=\"yoast-schema-graph\">{\"@context\":\"https:\/\/schema.org\",\"@graph\":[{\"@type\":\"Article\",\"@id\":\"https:\/\/antrix.pt\/pt-pt\/silves-imobiliarias-de-erik-de-vlieger-compram-devoluta-mas-iconica-fabrica-do-ingles\/#article\",\"isPartOf\":{\"@id\":\"https:\/\/antrix.pt\/pt-pt\/silves-imobiliarias-de-erik-de-vlieger-compram-devoluta-mas-iconica-fabrica-do-ingles\/\"},\"author\":{\"name\":\"Pedro Limbert\",\"@id\":\"https:\/\/antrix.pt\/pt-pt\/#\/schema\/person\/1fd445dfd27972e12ec431e2b62b3588\"},\"headline\":\"Silves: Imobili\u00e1rias de Erik de Vlieger compram devoluta mas ic\u00f3nica F\u00e1brica do Ingl\u00eas\",\"datePublished\":\"2025-09-03T10:58:22+00:00\",\"dateModified\":\"2025-09-10T11:00:55+00:00\",\"mainEntityOfPage\":{\"@id\":\"https:\/\/antrix.pt\/pt-pt\/silves-imobiliarias-de-erik-de-vlieger-compram-devoluta-mas-iconica-fabrica-do-ingles\/\"},\"wordCount\":538,\"commentCount\":0,\"publisher\":{\"@id\":\"https:\/\/antrix.pt\/pt-pt\/#organization\"},\"image\":{\"@id\":\"https:\/\/antrix.pt\/pt-pt\/silves-imobiliarias-de-erik-de-vlieger-compram-devoluta-mas-iconica-fabrica-do-ingles\/#primaryimage\"},\"thumbnailUrl\":\"https:\/\/antrix.pt\/wp-content\/uploads\/2025\/08\/Front_Page-Edited-scaled.jpg\",\"keywords\":[\"F\u00e1brica do Ingl\u00eas\"],\"articleSection\":[\"Not\u00ed\u00adcias &amp; Artigos\"],\"inLanguage\":\"pt-PT\",\"potentialAction\":[{\"@type\":\"CommentAction\",\"name\":\"Comment\",\"target\":[\"https:\/\/antrix.pt\/pt-pt\/silves-imobiliarias-de-erik-de-vlieger-compram-devoluta-mas-iconica-fabrica-do-ingles\/#respond\"]}]},{\"@type\":\"WebPage\",\"@id\":\"https:\/\/antrix.pt\/pt-pt\/silves-imobiliarias-de-erik-de-vlieger-compram-devoluta-mas-iconica-fabrica-do-ingles\/\",\"url\":\"https:\/\/antrix.pt\/pt-pt\/silves-imobiliarias-de-erik-de-vlieger-compram-devoluta-mas-iconica-fabrica-do-ingles\/\",\"name\":\"Silves: Imobili\u00e1rias de Erik de Vlieger compram devoluta mas ic\u00f3nica F\u00e1brica do Ingl\u00eas - Antrix\",\"isPartOf\":{\"@id\":\"https:\/\/antrix.pt\/pt-pt\/#website\"},\"primaryImageOfPage\":{\"@id\":\"https:\/\/antrix.pt\/pt-pt\/silves-imobiliarias-de-erik-de-vlieger-compram-devoluta-mas-iconica-fabrica-do-ingles\/#primaryimage\"},\"image\":{\"@id\":\"https:\/\/antrix.pt\/pt-pt\/silves-imobiliarias-de-erik-de-vlieger-compram-devoluta-mas-iconica-fabrica-do-ingles\/#primaryimage\"},\"thumbnailUrl\":\"https:\/\/antrix.pt\/wp-content\/uploads\/2025\/08\/Front_Page-Edited-scaled.jpg\",\"datePublished\":\"2025-09-03T10:58:22+00:00\",\"dateModified\":\"2025-09-10T11:00:55+00:00\",\"breadcrumb\":{\"@id\":\"https:\/\/antrix.pt\/pt-pt\/silves-imobiliarias-de-erik-de-vlieger-compram-devoluta-mas-iconica-fabrica-do-ingles\/#breadcrumb\"},\"inLanguage\":\"pt-PT\",\"potentialAction\":[{\"@type\":\"ReadAction\",\"target\":[\"https:\/\/antrix.pt\/pt-pt\/silves-imobiliarias-de-erik-de-vlieger-compram-devoluta-mas-iconica-fabrica-do-ingles\/\"]}]},{\"@type\":\"ImageObject\",\"inLanguage\":\"pt-PT\",\"@id\":\"https:\/\/antrix.pt\/pt-pt\/silves-imobiliarias-de-erik-de-vlieger-compram-devoluta-mas-iconica-fabrica-do-ingles\/#primaryimage\",\"url\":\"https:\/\/antrix.pt\/wp-content\/uploads\/2025\/08\/Front_Page-Edited-scaled.jpg\",\"contentUrl\":\"https:\/\/antrix.pt\/wp-content\/uploads\/2025\/08\/Front_Page-Edited-scaled.jpg\",\"width\":2500,\"height\":1406,\"caption\":\"fabrica do ingl\u00eas com castelo de silves ao fundo\"},{\"@type\":\"BreadcrumbList\",\"@id\":\"https:\/\/antrix.pt\/pt-pt\/silves-imobiliarias-de-erik-de-vlieger-compram-devoluta-mas-iconica-fabrica-do-ingles\/#breadcrumb\",\"itemListElement\":[{\"@type\":\"ListItem\",\"position\":1,\"name\":\"In\u00edcio\",\"item\":\"https:\/\/antrix.pt\/pt-pt\/home\/\"},{\"@type\":\"ListItem\",\"position\":2,\"name\":\"Silves: Imobili\u00e1rias de Erik de Vlieger compram devoluta mas ic\u00f3nica F\u00e1brica do Ingl\u00eas\"}]},{\"@type\":\"WebSite\",\"@id\":\"https:\/\/antrix.pt\/pt-pt\/#website\",\"url\":\"https:\/\/antrix.pt\/pt-pt\/\",\"name\":\"Antrix\",\"description\":\"DEVELOPING WITH PRECISION AND CARE\",\"publisher\":{\"@id\":\"https:\/\/antrix.pt\/pt-pt\/#organization\"},\"potentialAction\":[{\"@type\":\"SearchAction\",\"target\":{\"@type\":\"EntryPoint\",\"urlTemplate\":\"https:\/\/antrix.pt\/pt-pt\/?s={search_term_string}\"},\"query-input\":{\"@type\":\"PropertyValueSpecification\",\"valueRequired\":true,\"valueName\":\"search_term_string\"}}],\"inLanguage\":\"pt-PT\"},{\"@type\":\"Organization\",\"@id\":\"https:\/\/antrix.pt\/pt-pt\/#organization\",\"name\":\"Antrix\",\"url\":\"https:\/\/antrix.pt\/pt-pt\/\",\"logo\":{\"@type\":\"ImageObject\",\"inLanguage\":\"pt-PT\",\"@id\":\"https:\/\/antrix.pt\/pt-pt\/#\/schema\/logo\/image\/\",\"url\":\"\",\"contentUrl\":\"\",\"caption\":\"Antrix\"},\"image\":{\"@id\":\"https:\/\/antrix.pt\/pt-pt\/#\/schema\/logo\/image\/\"}},{\"@type\":\"Person\",\"@id\":\"https:\/\/antrix.pt\/pt-pt\/#\/schema\/person\/1fd445dfd27972e12ec431e2b62b3588\",\"name\":\"Pedro Limbert\",\"image\":{\"@type\":\"ImageObject\",\"inLanguage\":\"pt-PT\",\"@id\":\"https:\/\/antrix.pt\/pt-pt\/#\/schema\/person\/image\/\",\"url\":\"https:\/\/secure.gravatar.com\/avatar\/af658f1d63650100a1bae539737418e591de7baa923238b358553c27962dc571?s=96&d=mm&r=g\",\"contentUrl\":\"https:\/\/secure.gravatar.com\/avatar\/af658f1d63650100a1bae539737418e591de7baa923238b358553c27962dc571?s=96&d=mm&r=g\",\"caption\":\"Pedro Limbert\"},\"sameAs\":[\"https:\/\/antrix.pt\"],\"url\":\"https:\/\/antrix.pt\/pt-pt\/author\/pedrolimbert\/\"}]}<\/script>\n<!-- \/ Yoast SEO plugin. -->","yoast_head_json":{"title":"Silves: Imobili\u00e1rias de Erik de Vlieger compram devoluta mas ic\u00f3nica F\u00e1brica do Ingl\u00eas - Antrix","robots":{"index":"index","follow":"follow","max-snippet":"max-snippet:-1","max-image-preview":"max-image-preview:large","max-video-preview":"max-video-preview:-1"},"canonical":"https:\/\/antrix.pt\/pt-pt\/silves-imobiliarias-de-erik-de-vlieger-compram-devoluta-mas-iconica-fabrica-do-ingles\/","og_locale":"pt_PT","og_type":"article","og_title":"Silves: Imobili\u00e1rias de Erik de Vlieger compram devoluta mas ic\u00f3nica F\u00e1brica do Ingl\u00eas - Antrix","og_description":"A Antrix e a Carvoeiro Branco, promotoras imobili\u00e1rias sediadas no Algarve, anunciam hoje a aquisi\u00e7\u00e3o da F\u00e1brica do Ingl\u00eas, em Silves. ...","og_url":"https:\/\/antrix.pt\/pt-pt\/silves-imobiliarias-de-erik-de-vlieger-compram-devoluta-mas-iconica-fabrica-do-ingles\/","og_site_name":"Antrix","article_published_time":"2025-09-03T10:58:22+00:00","article_modified_time":"2025-09-10T11:00:55+00:00","og_image":[{"width":2500,"height":1406,"url":"https:\/\/antrix.pt\/wp-content\/uploads\/2025\/08\/Front_Page-Edited-scaled.jpg","type":"image\/jpeg"}],"author":"Pedro Limbert","twitter_card":"summary_large_image","twitter_misc":{"Escrito por":"Pedro Limbert","Tempo estimado de leitura":"3 minutos"},"schema":{"@context":"https:\/\/schema.org","@graph":[{"@type":"Article","@id":"https:\/\/antrix.pt\/pt-pt\/silves-imobiliarias-de-erik-de-vlieger-compram-devoluta-mas-iconica-fabrica-do-ingles\/#article","isPartOf":{"@id":"https:\/\/antrix.pt\/pt-pt\/silves-imobiliarias-de-erik-de-vlieger-compram-devoluta-mas-iconica-fabrica-do-ingles\/"},"author":{"name":"Pedro Limbert","@id":"https:\/\/antrix.pt\/pt-pt\/#\/schema\/person\/1fd445dfd27972e12ec431e2b62b3588"},"headline":"Silves: Imobili\u00e1rias de Erik de Vlieger compram devoluta mas ic\u00f3nica F\u00e1brica do Ingl\u00eas","datePublished":"2025-09-03T10:58:22+00:00","dateModified":"2025-09-10T11:00:55+00:00","mainEntityOfPage":{"@id":"https:\/\/antrix.pt\/pt-pt\/silves-imobiliarias-de-erik-de-vlieger-compram-devoluta-mas-iconica-fabrica-do-ingles\/"},"wordCount":538,"commentCount":0,"publisher":{"@id":"https:\/\/antrix.pt\/pt-pt\/#organization"},"image":{"@id":"https:\/\/antrix.pt\/pt-pt\/silves-imobiliarias-de-erik-de-vlieger-compram-devoluta-mas-iconica-fabrica-do-ingles\/#primaryimage"},"thumbnailUrl":"https:\/\/antrix.pt\/wp-content\/uploads\/2025\/08\/Front_Page-Edited-scaled.jpg","keywords":["F\u00e1brica do Ingl\u00eas"],"articleSection":["Not\u00ed\u00adcias &amp; Artigos"],"inLanguage":"pt-PT","potentialAction":[{"@type":"CommentAction","name":"Comment","target":["https:\/\/antrix.pt\/pt-pt\/silves-imobiliarias-de-erik-de-vlieger-compram-devoluta-mas-iconica-fabrica-do-ingles\/#respond"]}]},{"@type":"WebPage","@id":"https:\/\/antrix.pt\/pt-pt\/silves-imobiliarias-de-erik-de-vlieger-compram-devoluta-mas-iconica-fabrica-do-ingles\/","url":"https:\/\/antrix.pt\/pt-pt\/silves-imobiliarias-de-erik-de-vlieger-compram-devoluta-mas-iconica-fabrica-do-ingles\/","name":"Silves: Imobili\u00e1rias de Erik de Vlieger compram devoluta mas ic\u00f3nica F\u00e1brica do Ingl\u00eas - Antrix","isPartOf":{"@id":"https:\/\/antrix.pt\/pt-pt\/#website"},"primaryImageOfPage":{"@id":"https:\/\/antrix.pt\/pt-pt\/silves-imobiliarias-de-erik-de-vlieger-compram-devoluta-mas-iconica-fabrica-do-ingles\/#primaryimage"},"image":{"@id":"https:\/\/antrix.pt\/pt-pt\/silves-imobiliarias-de-erik-de-vlieger-compram-devoluta-mas-iconica-fabrica-do-ingles\/#primaryimage"},"thumbnailUrl":"https:\/\/antrix.pt\/wp-content\/uploads\/2025\/08\/Front_Page-Edited-scaled.jpg","datePublished":"2025-09-03T10:58:22+00:00","dateModified":"2025-09-10T11:00:55+00:00","breadcrumb":{"@id":"https:\/\/antrix.pt\/pt-pt\/silves-imobiliarias-de-erik-de-vlieger-compram-devoluta-mas-iconica-fabrica-do-ingles\/#breadcrumb"},"inLanguage":"pt-PT","potentialAction":[{"@type":"ReadAction","target":["https:\/\/antrix.pt\/pt-pt\/silves-imobiliarias-de-erik-de-vlieger-compram-devoluta-mas-iconica-fabrica-do-ingles\/"]}]},{"@type":"ImageObject","inLanguage":"pt-PT","@id":"https:\/\/antrix.pt\/pt-pt\/silves-imobiliarias-de-erik-de-vlieger-compram-devoluta-mas-iconica-fabrica-do-ingles\/#primaryimage","url":"https:\/\/antrix.pt\/wp-content\/uploads\/2025\/08\/Front_Page-Edited-scaled.jpg","contentUrl":"https:\/\/antrix.pt\/wp-content\/uploads\/2025\/08\/Front_Page-Edited-scaled.jpg","width":2500,"height":1406,"caption":"fabrica do ingl\u00eas com castelo de silves ao fundo"},{"@type":"BreadcrumbList","@id":"https:\/\/antrix.pt\/pt-pt\/silves-imobiliarias-de-erik-de-vlieger-compram-devoluta-mas-iconica-fabrica-do-ingles\/#breadcrumb","itemListElement":[{"@type":"ListItem","position":1,"name":"In\u00edcio","item":"https:\/\/antrix.pt\/pt-pt\/home\/"},{"@type":"ListItem","position":2,"name":"Silves: Imobili\u00e1rias de Erik de Vlieger compram devoluta mas ic\u00f3nica F\u00e1brica do Ingl\u00eas"}]},{"@type":"WebSite","@id":"https:\/\/antrix.pt\/pt-pt\/#website","url":"https:\/\/antrix.pt\/pt-pt\/","name":"Antrix","description":"DEVELOPING WITH PRECISION AND CARE","publisher":{"@id":"https:\/\/antrix.pt\/pt-pt\/#organization"},"potentialAction":[{"@type":"SearchAction","target":{"@type":"EntryPoint","urlTemplate":"https:\/\/antrix.pt\/pt-pt\/?s={search_term_string}"},"query-input":{"@type":"PropertyValueSpecification","valueRequired":true,"valueName":"search_term_string"}}],"inLanguage":"pt-PT"},{"@type":"Organization","@id":"https:\/\/antrix.pt\/pt-pt\/#organization","name":"Antrix","url":"https:\/\/antrix.pt\/pt-pt\/","logo":{"@type":"ImageObject","inLanguage":"pt-PT","@id":"https:\/\/antrix.pt\/pt-pt\/#\/schema\/logo\/image\/","url":"","contentUrl":"","caption":"Antrix"},"image":{"@id":"https:\/\/antrix.pt\/pt-pt\/#\/schema\/logo\/image\/"}},{"@type":"Person","@id":"https:\/\/antrix.pt\/pt-pt\/#\/schema\/person\/1fd445dfd27972e12ec431e2b62b3588","name":"Pedro Limbert","image":{"@type":"ImageObject","inLanguage":"pt-PT","@id":"https:\/\/antrix.pt\/pt-pt\/#\/schema\/person\/image\/","url":"https:\/\/secure.gravatar.com\/avatar\/af658f1d63650100a1bae539737418e591de7baa923238b358553c27962dc571?s=96&d=mm&r=g","contentUrl":"https:\/\/secure.gravatar.com\/avatar\/af658f1d63650100a1bae539737418e591de7baa923238b358553c27962dc571?s=96&d=mm&r=g","caption":"Pedro Limbert"},"sameAs":["https:\/\/antrix.pt"],"url":"https:\/\/antrix.pt\/pt-pt\/author\/pedrolimbert\/"}]}},"_links":{"self":[{"href":"https:\/\/antrix.pt\/pt-pt\/wp-json\/wp\/v2\/posts\/9996","targetHints":{"allow":["GET"]}}],"collection":[{"href":"https:\/\/antrix.pt\/pt-pt\/wp-json\/wp\/v2\/posts"}],"about":[{"href":"https:\/\/antrix.pt\/pt-pt\/wp-json\/wp\/v2\/types\/post"}],"author":[{"embeddable":true,"href":"https:\/\/antrix.pt\/pt-pt\/wp-json\/wp\/v2\/users\/4"}],"replies":[{"embeddable":true,"href":"https:\/\/antrix.pt\/pt-pt\/wp-json\/wp\/v2\/comments?post=9996"}],"version-history":[{"count":7,"href":"https:\/\/antrix.pt\/pt-pt\/wp-json\/wp\/v2\/posts\/9996\/revisions"}],"predecessor-version":[{"id":10003,"href":"https:\/\/antrix.pt\/pt-pt\/wp-json\/wp\/v2\/posts\/9996\/revisions\/10003"}],"wp:featuredmedia":[{"embeddable":true,"href":"https:\/\/antrix.pt\/pt-pt\/wp-json\/wp\/v2\/media\/9944"}],"wp:attachment":[{"href":"https:\/\/antrix.pt\/pt-pt\/wp-json\/wp\/v2\/media?parent=9996"}],"wp:term":[{"taxonomy":"category","embeddable":true,"href":"https:\/\/antrix.pt\/pt-pt\/wp-json\/wp\/v2\/categories?post=9996"},{"taxonomy":"post_tag","embeddable":true,"href":"https:\/\/antrix.pt\/pt-pt\/wp-json\/wp\/v2\/tags?post=9996"}],"curies":[{"name":"wp","href":"https:\/\/api.w.org\/{rel}","templated":true}]}}