{"id":9994,"date":"2025-09-05T10:46:54","date_gmt":"2025-09-05T09:46:54","guid":{"rendered":"https:\/\/antrix.pt\/antrix-e-carvoeiro-branco-anunciam-a-compra-da-emblematica-fabrica-do-ingles-em-silves\/"},"modified":"2025-09-18T11:44:00","modified_gmt":"2025-09-18T10:44:00","slug":"antrix-e-carvoeiro-branco-anunciam-a-compra-da-emblematica-fabrica-do-ingles-em-silves","status":"publish","type":"post","link":"https:\/\/antrix.pt\/pt-pt\/antrix-e-carvoeiro-branco-anunciam-a-compra-da-emblematica-fabrica-do-ingles-em-silves\/","title":{"rendered":"Antrix e Carvoeiro Branco anunciam a compra da emblem\u00e1tica F\u00e1brica do Ingl\u00eas em Silves"},"content":{"rendered":"\t\t<div data-elementor-type=\"wp-post\" data-elementor-id=\"9994\" class=\"elementor elementor-9994 elementor-9984\" data-elementor-post-type=\"post\">\n\t\t\t\t<div class=\"elementor-element elementor-element-e171361 animated-fast e-flex e-con-boxed elementor-invisible e-con e-parent\" data-id=\"e171361\" data-element_type=\"container\" data-settings=\"{&quot;background_background&quot;:&quot;classic&quot;,&quot;animation&quot;:&quot;h-neuron-animation--slideUp&quot;}\">\n\t\t\t\t\t<div class=\"e-con-inner\">\n\t\t<div class=\"elementor-element elementor-element-7da5131 e-con-full e-flex e-con e-child\" data-id=\"7da5131\" data-element_type=\"container\">\n\t\t\t\t<div class=\"elementor-element elementor-element-7640e65 elementor-widget elementor-widget-heading\" data-id=\"7640e65\" data-element_type=\"widget\" data-widget_type=\"heading.default\">\n\t\t\t\t<div class=\"elementor-widget-container\">\n\t\t\t\t\t<span class=\"elementor-heading-title elementor-size-default\">5 Setembro 2025<\/span>\t\t\t\t<\/div>\n\t\t\t\t<\/div>\n\t\t\t\t<div class=\"elementor-element elementor-element-c1392d6 elementor-widget elementor-widget-heading\" data-id=\"c1392d6\" data-element_type=\"widget\" data-widget_type=\"heading.default\">\n\t\t\t\t<div class=\"elementor-widget-container\">\n\t\t\t\t\t<span class=\"elementor-heading-title elementor-size-default\"><a href=\"https:\/\/antrix.pt\/pt-pt\/tag\/fabrica-do-ingles-pt-pt\/\" rel=\"tag\">F\u00e1brica do Ingl\u00eas<\/a><\/span>\t\t\t\t<\/div>\n\t\t\t\t<\/div>\n\t\t\t\t<\/div>\n\t\t\t\t<div class=\"elementor-element elementor-element-8b88963 elementor-widget elementor-widget-neuron-post-title elementor-page-title elementor-widget-heading\" data-id=\"8b88963\" data-element_type=\"widget\" data-widget_type=\"neuron-post-title.default\">\n\t\t\t\t<div class=\"elementor-widget-container\">\n\t\t\t\t\t<h3 class=\"elementor-heading-title elementor-size-default\">Antrix e Carvoeiro Branco anunciam a compra da emblem\u00e1tica F\u00e1brica do Ingl\u00eas em Silves<\/h3>\t\t\t\t<\/div>\n\t\t\t\t<\/div>\n\t\t\t\t\t<\/div>\n\t\t\t\t<\/div>\n\t\t<div class=\"elementor-element elementor-element-1b76ddc animated-fast e-flex e-con-boxed elementor-invisible e-con e-parent\" data-id=\"1b76ddc\" data-element_type=\"container\" data-settings=\"{&quot;animation&quot;:&quot;h-neuron-animation--slideUp&quot;}\">\n\t\t\t\t\t<div class=\"e-con-inner\">\n\t\t\t\t<div class=\"elementor-element elementor-element-fe49ccd elementor-widget elementor-widget-text-editor\" data-id=\"fe49ccd\" data-element_type=\"widget\" data-widget_type=\"text-editor.default\">\n\t\t\t\t<div class=\"elementor-widget-container\">\n\t\t\t\t\t\t\t\t\t<em>Source:<span style=\"text-decoration: underline;\"><a href=\"https:\/\/www.theportugalnews.com\/pt\/noticias\/2025-09-05\/antrix-e-carvoeiro-branco-anunciam-a-compra-da-emblematica-fabrica-do-ingles-em-silves\/872596\"> https:\/\/www.theportugalnews.com\/pt\/noticias\/2025-09-05\/antrix-e-carvoeiro-branco-anunciam-a-compra-da-emblematica-fabrica-do-ingles-em-silves\/872596<\/a><\/span><\/em><h5>\n<h5>Antrix e Carvoeiro Branco anunciam a compra da emblem\u00e1tica F\u00e1brica do Ingl\u00eas em Silves<\/h5>\nA Antrix e a Carvoeiro Branco, promotores imobili\u00e1rios sediados no Algarve, t\u00eam o prazer de anunciar a aquisi\u00e7\u00e3o da emblem\u00e1tica F\u00e1brica do Ingl\u00eas em Silves.\n<\/p>\nEste passo representa um investimento de grande valor econ\u00f3mico, cultural e patrimonial para o concelho e para toda a regi\u00e3o do Algarve.\n<\/p>\nO futuro da F\u00e1brica do Ingl\u00eas passar\u00e1 pela celebra\u00e7\u00e3o do seu significado cultural e pela preserva\u00e7\u00e3o do patrim\u00f3nio industrial que a moldou. Uma das principais prioridades ser\u00e1 a reabertura do espa\u00e7o \u00e0 comunidade, restabelecendo a F\u00e1brica como uma parte central da vida cultural da cidade. O primeiro passo ser\u00e1 a revitaliza\u00e7\u00e3o do Museu da Corti\u00e7a, que foi considerado o melhor museu industrial da Europa em 2001 e recebeu mais de 100.000 visitantes nesse mesmo ano.  \n<\/p>\nO projeto inclui tamb\u00e9m a preserva\u00e7\u00e3o e o restauro cuidadoso dos edif\u00edcios hist\u00f3ricos do complexo, com especial destaque para o ic\u00f3nico chalet do s\u00e9culo XIX, que continuar\u00e1 a receber os visitantes como casa de ch\u00e1. Os futuros escrit\u00f3rios da Antrix e do Carvoeiro Branco ficar\u00e3o localizados num dos edif\u00edcios hist\u00f3ricos restaurados, refor\u00e7ando n\u00e3o s\u00f3 as ra\u00edzes locais dos promotores, mas tamb\u00e9m o seu empenho em preservar e valorizar a arquitetura hist\u00f3rica do local. Uma unidade hoteleira de charme completar\u00e1 o projeto, promovendo uma nova din\u00e2mica econ\u00f3mica e cultural para a cidade.  \n<\/p>\n&#8220;A F\u00e1brica do Ingl\u00eas \u00e9 um marco incontorn\u00e1vel na mem\u00f3ria colectiva de Silves. O nosso objetivo \u00e9 preservar a sua identidade e ressuscit\u00e1-la com um prop\u00f3sito renovado que honre o passado, respeite a sua hist\u00f3ria e valorize o territ\u00f3rio. Estamos orgulhosos por estarmos em posi\u00e7\u00e3o de reativar um espa\u00e7o t\u00e3o significativo para a cidade e para o Algarve&#8221;, afirma Erik de Vlieger, cofundador e Presidente da Antrix e CEO do Carvoeiro Branco.  \n<\/p>\n<strong>Um patrim\u00f3nio industrial e cultural com s\u00e9culos de exist\u00eancia<\/strong>\n<\/p>\nA F\u00e1brica do Ingl\u00eas tem ra\u00edzes profundas na hist\u00f3ria industrial e cultural do Algarve. Foi fundada em 1894 como f\u00e1brica de corti\u00e7a, uma das ind\u00fastrias mais importantes para a economia do Algarve nos s\u00e9culos XIX e XX. Em 1908, Victor Sadler, de nacionalidade brit\u00e2nica, foi contratado para gerir a f\u00e1brica, ficando para sempre ligado \u00e0 sua identidade e \u00e0 origem do nome &#8220;F\u00e1brica do Ingl\u00eas&#8221;.  \n<\/p>\nAp\u00f3s a cessa\u00e7\u00e3o das actividades industriais, o complexo foi recuperado e, em 1999, abriu ao p\u00fablico como Museu da Corti\u00e7a, tornando-se uma refer\u00eancia nacional. Nos anos seguintes, passou a receber tamb\u00e9m concertos, exposi\u00e7\u00f5es e eventos culturais, refor\u00e7ando seu papel de polo cultural. \n<\/p>\n<p class=\"p1\">\nO local manteve-se ativo durante v\u00e1rios anos ap\u00f3s a sua transforma\u00e7\u00e3o cultural, mas acabou por encerrar em 2009, na sequ\u00eancia da insolv\u00eancia da sua empresa gestora. Este facto marcou o in\u00edcio de um longo per\u00edodo de abandono e decad\u00eancia. Foi neste contexto que a Antrix e o Carvoeiro Branco iniciaram as ac\u00e7\u00f5es de recupera\u00e7\u00e3o do espa\u00e7o, reconhecendo plenamente a sua import\u00e2ncia hist\u00f3rica e cultural.  \n<\/p>\n<p class=\"p1\">\n<strong>Um projeto com ra\u00edzes no empenho e nos la\u00e7os locais<\/strong>\n<\/p>\n<p class=\"p1\">A concretiza\u00e7\u00e3o deste projeto n\u00e3o teria sido poss\u00edvel sem o forte apoio da C\u00e2mara Municipal de Silves. Destacamos a vis\u00e3o e os contributos fundamentais da Presidente da C\u00e2mara Municipal, Rosa Palma, e da Vice-Presidente, Lu\u00edsa Conduto, bem como o envolvimento do Vereador Maxime Sousa Bispo, respons\u00e1vel pelo planeamento e desenvolvimento urbano, e dos servi\u00e7os de gest\u00e3o urban\u00edstica sob a sua lideran\u00e7a. A sua colabora\u00e7\u00e3o institucional e t\u00e9cnica foi fundamental para tornar poss\u00edvel este investimento, evitando a degrada\u00e7\u00e3o do local e abrindo caminho para este novo cap\u00edtulo. O nosso agradecimento estende-se tamb\u00e9m ao Banco Atl\u00e2ntico Europa S.A., parceiro fundamental em todo este percurso.   \n<\/p>\n<p class=\"p1\">O compromisso dos promotores com Silves foi constru\u00eddo ao longo de quase duas d\u00e9cadas, desde que Erik de Vlieger manifestou pela primeira vez o seu interesse pessoal na F\u00e1brica do Ingl\u00eas. Ao longo dos anos, esta liga\u00e7\u00e3o foi-se aprofundando, nomeadamente atrav\u00e9s do patroc\u00ednio principal do Silves Futebol Clube, liderado por Carlos Placa, cujo apoio cont\u00ednuo tem sido inestim\u00e1vel. A futura instala\u00e7\u00e3o dos escrit\u00f3rios da Antrix e da Carvoeiro Branco na cidade vem refor\u00e7ar ainda mais esta liga\u00e7\u00e3o \u00e0 comunidade local.  \t\t\t\t\t\t\t\t<\/div>\n\t\t\t\t<\/div>\n\t\t\t\t\t<\/div>\n\t\t\t\t<\/div>\n\t\t<div class=\"elementor-element elementor-element-cd2fa53 animated-fast e-flex e-con-boxed elementor-invisible e-con e-parent\" data-id=\"cd2fa53\" data-element_type=\"container\" data-settings=\"{&quot;animation&quot;:&quot;h-neuron-animation--slideUp&quot;}\">\n\t\t\t\t\t<div class=\"e-con-inner\">\n\t\t<div class=\"elementor-element elementor-element-109933b e-con-full e-flex e-con e-child\" data-id=\"109933b\" data-element_type=\"container\">\n\t\t\t\t<div class=\"elementor-element elementor-element-6ee1856 elementor-widget elementor-widget-neuron-post-navigation\" data-id=\"6ee1856\" data-element_type=\"widget\" data-widget_type=\"neuron-post-navigation.default\">\n\t\t\t\t<div class=\"elementor-widget-container\">\n\t\t\t\t\t\t\t<div class=\"o-post-navigation\">\r\n\r\n\t\t\t\r\n\t\t\t\t\t\t\t<div class=\"o-post-navigation__link o-post-navigation__link--prev\" >\r\n\t\t\t\t\t<a href=\"https:\/\/antrix.pt\/pt-pt\/antrix-e-carvoeiro-branco-anunciam-a-compra-da-fabrica-do-ingles\/\" rel=\"prev\"><div class=\"o-post-navigation__icon left\">\r\n\t\t\t \r\n\t\t\t<span class=\"o-post-navigation__label\">Anterior<\/span>\r\n\t\t\t<\/div>\r\n\t\t\t<span class=\"o-post-navigation__title\">Antrix e Carvoeiro Branco Anunciam a Compra da F\u00e1brica do Ingl\u00eas<\/span><\/a>\t\t\t\t<\/div>\r\n\t\t\t\r\n\t\t\t\t\t\t\t<div class=\"o-post-navigation__link o-post-navigation__link--next\" >\r\n\t\t\t\t\t<a href=\"https:\/\/antrix.pt\/pt-pt\/fabrica-do-ingles-em-silves-reabre-museu-da-cortica-e-um-boutique-hotel\/\" rel=\"next\"><div class=\"o-post-navigation__icon right\">\r\n\t\t\t<span class=\"o-post-navigation__label\">Pr\u00f3ximo<\/span> \r\n\t\t\t<\/div>\r\n\t\t\t<span class=\"o-post-navigation__title\">F\u00e1brica do Ingl\u00eas em Silves reabre Museu da Corti\u00e7a e um \u2018boutique\u2019 hotel<\/span><\/a>\t\t\t\t<\/div>\r\n\t\t\t\t\t<\/div>\r\n\t\t\t\t\t<\/div>\n\t\t\t\t<\/div>\n\t\t\t\t<\/div>\n\t\t\t\t\t<\/div>\n\t\t\t\t<\/div>\n\t\t\t\t<\/div>\n\t\t","protected":false},"excerpt":{"rendered":"<p>A Antrix e a Carvoeiro Branco, promotores imobili\u00e1rios sediados no Algarve, t\u00eam o prazer de anunciar a aquisi\u00e7\u00e3o da emblem\u00e1tica F\u00e1brica do Ingl\u00eas em Silves. &#8230;<\/p>\n","protected":false},"author":4,"featured_media":10110,"comment_status":"open","ping_status":"open","sticky":false,"template":"elementor_header_footer","format":"standard","meta":{"footnotes":""},"categories":[113],"tags":[132],"class_list":["post-9994","post","type-post","status-publish","format-standard","has-post-thumbnail","hentry","category-noticias-artigos","tag-fabrica-do-ingles-pt-pt"],"yoast_head":"<!-- This site is optimized with the Yoast SEO plugin v25.0 - https:\/\/yoast.com\/wordpress\/plugins\/seo\/ -->\n<title>Antrix e Carvoeiro Branco anunciam a compra da emblem\u00e1tica F\u00e1brica do Ingl\u00eas em Silves - Antrix<\/title>\n<meta name=\"robots\" content=\"index, follow, max-snippet:-1, max-image-preview:large, max-video-preview:-1\" \/>\n<link rel=\"canonical\" href=\"https:\/\/antrix.pt\/pt-pt\/antrix-e-carvoeiro-branco-anunciam-a-compra-da-emblematica-fabrica-do-ingles-em-silves\/\" \/>\n<meta property=\"og:locale\" content=\"pt_PT\" \/>\n<meta property=\"og:type\" content=\"article\" \/>\n<meta property=\"og:title\" content=\"Antrix e Carvoeiro Branco anunciam a compra da emblem\u00e1tica F\u00e1brica do Ingl\u00eas em Silves - Antrix\" \/>\n<meta property=\"og:description\" content=\"A Antrix e a Carvoeiro Branco, promotores imobili\u00e1rios sediados no Algarve, t\u00eam o prazer de anunciar a aquisi\u00e7\u00e3o da emblem\u00e1tica F\u00e1brica do Ingl\u00eas em Silves. ...\" \/>\n<meta property=\"og:url\" content=\"https:\/\/antrix.pt\/pt-pt\/antrix-e-carvoeiro-branco-anunciam-a-compra-da-emblematica-fabrica-do-ingles-em-silves\/\" \/>\n<meta property=\"og:site_name\" content=\"Antrix\" \/>\n<meta property=\"article:published_time\" content=\"2025-09-05T09:46:54+00:00\" \/>\n<meta property=\"article:modified_time\" content=\"2025-09-18T10:44:00+00:00\" \/>\n<meta property=\"og:image\" content=\"https:\/\/antrix.pt\/wp-content\/uploads\/2025\/09\/Antrix-Media-Templates-2-scaled.png\" \/>\n\t<meta property=\"og:image:width\" content=\"2500\" \/>\n\t<meta property=\"og:image:height\" content=\"1406\" \/>\n\t<meta property=\"og:image:type\" content=\"image\/png\" \/>\n<meta name=\"author\" content=\"Pedro Limbert\" \/>\n<meta name=\"twitter:card\" content=\"summary_large_image\" \/>\n<meta name=\"twitter:label1\" content=\"Escrito por\" \/>\n\t<meta name=\"twitter:data1\" content=\"Pedro Limbert\" \/>\n\t<meta name=\"twitter:label2\" content=\"Tempo estimado de leitura\" \/>\n\t<meta name=\"twitter:data2\" content=\"4 minutos\" \/>\n<script type=\"application\/ld+json\" class=\"yoast-schema-graph\">{\"@context\":\"https:\/\/schema.org\",\"@graph\":[{\"@type\":\"Article\",\"@id\":\"https:\/\/antrix.pt\/pt-pt\/antrix-e-carvoeiro-branco-anunciam-a-compra-da-emblematica-fabrica-do-ingles-em-silves\/#article\",\"isPartOf\":{\"@id\":\"https:\/\/antrix.pt\/pt-pt\/antrix-e-carvoeiro-branco-anunciam-a-compra-da-emblematica-fabrica-do-ingles-em-silves\/\"},\"author\":{\"name\":\"Pedro Limbert\",\"@id\":\"https:\/\/antrix.pt\/pt-pt\/#\/schema\/person\/1fd445dfd27972e12ec431e2b62b3588\"},\"headline\":\"Antrix e Carvoeiro Branco anunciam a compra da emblem\u00e1tica F\u00e1brica do Ingl\u00eas em Silves\",\"datePublished\":\"2025-09-05T09:46:54+00:00\",\"dateModified\":\"2025-09-18T10:44:00+00:00\",\"mainEntityOfPage\":{\"@id\":\"https:\/\/antrix.pt\/pt-pt\/antrix-e-carvoeiro-branco-anunciam-a-compra-da-emblematica-fabrica-do-ingles-em-silves\/\"},\"wordCount\":819,\"commentCount\":0,\"publisher\":{\"@id\":\"https:\/\/antrix.pt\/pt-pt\/#organization\"},\"image\":{\"@id\":\"https:\/\/antrix.pt\/pt-pt\/antrix-e-carvoeiro-branco-anunciam-a-compra-da-emblematica-fabrica-do-ingles-em-silves\/#primaryimage\"},\"thumbnailUrl\":\"https:\/\/antrix.pt\/wp-content\/uploads\/2025\/09\/Antrix-Media-Templates-2-scaled.png\",\"keywords\":[\"F\u00e1brica do Ingl\u00eas\"],\"articleSection\":[\"Not\u00ed\u00adcias &amp; Artigos\"],\"inLanguage\":\"pt-PT\",\"potentialAction\":[{\"@type\":\"CommentAction\",\"name\":\"Comment\",\"target\":[\"https:\/\/antrix.pt\/pt-pt\/antrix-e-carvoeiro-branco-anunciam-a-compra-da-emblematica-fabrica-do-ingles-em-silves\/#respond\"]}]},{\"@type\":\"WebPage\",\"@id\":\"https:\/\/antrix.pt\/pt-pt\/antrix-e-carvoeiro-branco-anunciam-a-compra-da-emblematica-fabrica-do-ingles-em-silves\/\",\"url\":\"https:\/\/antrix.pt\/pt-pt\/antrix-e-carvoeiro-branco-anunciam-a-compra-da-emblematica-fabrica-do-ingles-em-silves\/\",\"name\":\"Antrix e Carvoeiro Branco anunciam a compra da emblem\u00e1tica F\u00e1brica do Ingl\u00eas em Silves - Antrix\",\"isPartOf\":{\"@id\":\"https:\/\/antrix.pt\/pt-pt\/#website\"},\"primaryImageOfPage\":{\"@id\":\"https:\/\/antrix.pt\/pt-pt\/antrix-e-carvoeiro-branco-anunciam-a-compra-da-emblematica-fabrica-do-ingles-em-silves\/#primaryimage\"},\"image\":{\"@id\":\"https:\/\/antrix.pt\/pt-pt\/antrix-e-carvoeiro-branco-anunciam-a-compra-da-emblematica-fabrica-do-ingles-em-silves\/#primaryimage\"},\"thumbnailUrl\":\"https:\/\/antrix.pt\/wp-content\/uploads\/2025\/09\/Antrix-Media-Templates-2-scaled.png\",\"datePublished\":\"2025-09-05T09:46:54+00:00\",\"dateModified\":\"2025-09-18T10:44:00+00:00\",\"breadcrumb\":{\"@id\":\"https:\/\/antrix.pt\/pt-pt\/antrix-e-carvoeiro-branco-anunciam-a-compra-da-emblematica-fabrica-do-ingles-em-silves\/#breadcrumb\"},\"inLanguage\":\"pt-PT\",\"potentialAction\":[{\"@type\":\"ReadAction\",\"target\":[\"https:\/\/antrix.pt\/pt-pt\/antrix-e-carvoeiro-branco-anunciam-a-compra-da-emblematica-fabrica-do-ingles-em-silves\/\"]}]},{\"@type\":\"ImageObject\",\"inLanguage\":\"pt-PT\",\"@id\":\"https:\/\/antrix.pt\/pt-pt\/antrix-e-carvoeiro-branco-anunciam-a-compra-da-emblematica-fabrica-do-ingles-em-silves\/#primaryimage\",\"url\":\"https:\/\/antrix.pt\/wp-content\/uploads\/2025\/09\/Antrix-Media-Templates-2-scaled.png\",\"contentUrl\":\"https:\/\/antrix.pt\/wp-content\/uploads\/2025\/09\/Antrix-Media-Templates-2-scaled.png\",\"width\":2500,\"height\":1406,\"caption\":\"Antrix and Carvoeiro Branco announce the purchase of the emblematic F\u00e1brica do Ingl\u00eas in Silves\"},{\"@type\":\"BreadcrumbList\",\"@id\":\"https:\/\/antrix.pt\/pt-pt\/antrix-e-carvoeiro-branco-anunciam-a-compra-da-emblematica-fabrica-do-ingles-em-silves\/#breadcrumb\",\"itemListElement\":[{\"@type\":\"ListItem\",\"position\":1,\"name\":\"In\u00edcio\",\"item\":\"https:\/\/antrix.pt\/pt-pt\/home\/\"},{\"@type\":\"ListItem\",\"position\":2,\"name\":\"Antrix e Carvoeiro Branco anunciam a compra da emblem\u00e1tica F\u00e1brica do Ingl\u00eas em Silves\"}]},{\"@type\":\"WebSite\",\"@id\":\"https:\/\/antrix.pt\/pt-pt\/#website\",\"url\":\"https:\/\/antrix.pt\/pt-pt\/\",\"name\":\"Antrix\",\"description\":\"DEVELOPING WITH PRECISION AND CARE\",\"publisher\":{\"@id\":\"https:\/\/antrix.pt\/pt-pt\/#organization\"},\"potentialAction\":[{\"@type\":\"SearchAction\",\"target\":{\"@type\":\"EntryPoint\",\"urlTemplate\":\"https:\/\/antrix.pt\/pt-pt\/?s={search_term_string}\"},\"query-input\":{\"@type\":\"PropertyValueSpecification\",\"valueRequired\":true,\"valueName\":\"search_term_string\"}}],\"inLanguage\":\"pt-PT\"},{\"@type\":\"Organization\",\"@id\":\"https:\/\/antrix.pt\/pt-pt\/#organization\",\"name\":\"Antrix\",\"url\":\"https:\/\/antrix.pt\/pt-pt\/\",\"logo\":{\"@type\":\"ImageObject\",\"inLanguage\":\"pt-PT\",\"@id\":\"https:\/\/antrix.pt\/pt-pt\/#\/schema\/logo\/image\/\",\"url\":\"\",\"contentUrl\":\"\",\"caption\":\"Antrix\"},\"image\":{\"@id\":\"https:\/\/antrix.pt\/pt-pt\/#\/schema\/logo\/image\/\"}},{\"@type\":\"Person\",\"@id\":\"https:\/\/antrix.pt\/pt-pt\/#\/schema\/person\/1fd445dfd27972e12ec431e2b62b3588\",\"name\":\"Pedro Limbert\",\"image\":{\"@type\":\"ImageObject\",\"inLanguage\":\"pt-PT\",\"@id\":\"https:\/\/antrix.pt\/pt-pt\/#\/schema\/person\/image\/\",\"url\":\"https:\/\/secure.gravatar.com\/avatar\/af658f1d63650100a1bae539737418e591de7baa923238b358553c27962dc571?s=96&d=mm&r=g\",\"contentUrl\":\"https:\/\/secure.gravatar.com\/avatar\/af658f1d63650100a1bae539737418e591de7baa923238b358553c27962dc571?s=96&d=mm&r=g\",\"caption\":\"Pedro Limbert\"},\"sameAs\":[\"https:\/\/antrix.pt\"],\"url\":\"https:\/\/antrix.pt\/pt-pt\/author\/pedrolimbert\/\"}]}<\/script>\n<!-- \/ Yoast SEO plugin. -->","yoast_head_json":{"title":"Antrix e Carvoeiro Branco anunciam a compra da emblem\u00e1tica F\u00e1brica do Ingl\u00eas em Silves - Antrix","robots":{"index":"index","follow":"follow","max-snippet":"max-snippet:-1","max-image-preview":"max-image-preview:large","max-video-preview":"max-video-preview:-1"},"canonical":"https:\/\/antrix.pt\/pt-pt\/antrix-e-carvoeiro-branco-anunciam-a-compra-da-emblematica-fabrica-do-ingles-em-silves\/","og_locale":"pt_PT","og_type":"article","og_title":"Antrix e Carvoeiro Branco anunciam a compra da emblem\u00e1tica F\u00e1brica do Ingl\u00eas em Silves - Antrix","og_description":"A Antrix e a Carvoeiro Branco, promotores imobili\u00e1rios sediados no Algarve, t\u00eam o prazer de anunciar a aquisi\u00e7\u00e3o da emblem\u00e1tica F\u00e1brica do Ingl\u00eas em Silves. ...","og_url":"https:\/\/antrix.pt\/pt-pt\/antrix-e-carvoeiro-branco-anunciam-a-compra-da-emblematica-fabrica-do-ingles-em-silves\/","og_site_name":"Antrix","article_published_time":"2025-09-05T09:46:54+00:00","article_modified_time":"2025-09-18T10:44:00+00:00","og_image":[{"width":2500,"height":1406,"url":"https:\/\/antrix.pt\/wp-content\/uploads\/2025\/09\/Antrix-Media-Templates-2-scaled.png","type":"image\/png"}],"author":"Pedro Limbert","twitter_card":"summary_large_image","twitter_misc":{"Escrito por":"Pedro Limbert","Tempo estimado de leitura":"4 minutos"},"schema":{"@context":"https:\/\/schema.org","@graph":[{"@type":"Article","@id":"https:\/\/antrix.pt\/pt-pt\/antrix-e-carvoeiro-branco-anunciam-a-compra-da-emblematica-fabrica-do-ingles-em-silves\/#article","isPartOf":{"@id":"https:\/\/antrix.pt\/pt-pt\/antrix-e-carvoeiro-branco-anunciam-a-compra-da-emblematica-fabrica-do-ingles-em-silves\/"},"author":{"name":"Pedro Limbert","@id":"https:\/\/antrix.pt\/pt-pt\/#\/schema\/person\/1fd445dfd27972e12ec431e2b62b3588"},"headline":"Antrix e Carvoeiro Branco anunciam a compra da emblem\u00e1tica F\u00e1brica do Ingl\u00eas em Silves","datePublished":"2025-09-05T09:46:54+00:00","dateModified":"2025-09-18T10:44:00+00:00","mainEntityOfPage":{"@id":"https:\/\/antrix.pt\/pt-pt\/antrix-e-carvoeiro-branco-anunciam-a-compra-da-emblematica-fabrica-do-ingles-em-silves\/"},"wordCount":819,"commentCount":0,"publisher":{"@id":"https:\/\/antrix.pt\/pt-pt\/#organization"},"image":{"@id":"https:\/\/antrix.pt\/pt-pt\/antrix-e-carvoeiro-branco-anunciam-a-compra-da-emblematica-fabrica-do-ingles-em-silves\/#primaryimage"},"thumbnailUrl":"https:\/\/antrix.pt\/wp-content\/uploads\/2025\/09\/Antrix-Media-Templates-2-scaled.png","keywords":["F\u00e1brica do Ingl\u00eas"],"articleSection":["Not\u00ed\u00adcias &amp; Artigos"],"inLanguage":"pt-PT","potentialAction":[{"@type":"CommentAction","name":"Comment","target":["https:\/\/antrix.pt\/pt-pt\/antrix-e-carvoeiro-branco-anunciam-a-compra-da-emblematica-fabrica-do-ingles-em-silves\/#respond"]}]},{"@type":"WebPage","@id":"https:\/\/antrix.pt\/pt-pt\/antrix-e-carvoeiro-branco-anunciam-a-compra-da-emblematica-fabrica-do-ingles-em-silves\/","url":"https:\/\/antrix.pt\/pt-pt\/antrix-e-carvoeiro-branco-anunciam-a-compra-da-emblematica-fabrica-do-ingles-em-silves\/","name":"Antrix e Carvoeiro Branco anunciam a compra da emblem\u00e1tica F\u00e1brica do Ingl\u00eas em Silves - Antrix","isPartOf":{"@id":"https:\/\/antrix.pt\/pt-pt\/#website"},"primaryImageOfPage":{"@id":"https:\/\/antrix.pt\/pt-pt\/antrix-e-carvoeiro-branco-anunciam-a-compra-da-emblematica-fabrica-do-ingles-em-silves\/#primaryimage"},"image":{"@id":"https:\/\/antrix.pt\/pt-pt\/antrix-e-carvoeiro-branco-anunciam-a-compra-da-emblematica-fabrica-do-ingles-em-silves\/#primaryimage"},"thumbnailUrl":"https:\/\/antrix.pt\/wp-content\/uploads\/2025\/09\/Antrix-Media-Templates-2-scaled.png","datePublished":"2025-09-05T09:46:54+00:00","dateModified":"2025-09-18T10:44:00+00:00","breadcrumb":{"@id":"https:\/\/antrix.pt\/pt-pt\/antrix-e-carvoeiro-branco-anunciam-a-compra-da-emblematica-fabrica-do-ingles-em-silves\/#breadcrumb"},"inLanguage":"pt-PT","potentialAction":[{"@type":"ReadAction","target":["https:\/\/antrix.pt\/pt-pt\/antrix-e-carvoeiro-branco-anunciam-a-compra-da-emblematica-fabrica-do-ingles-em-silves\/"]}]},{"@type":"ImageObject","inLanguage":"pt-PT","@id":"https:\/\/antrix.pt\/pt-pt\/antrix-e-carvoeiro-branco-anunciam-a-compra-da-emblematica-fabrica-do-ingles-em-silves\/#primaryimage","url":"https:\/\/antrix.pt\/wp-content\/uploads\/2025\/09\/Antrix-Media-Templates-2-scaled.png","contentUrl":"https:\/\/antrix.pt\/wp-content\/uploads\/2025\/09\/Antrix-Media-Templates-2-scaled.png","width":2500,"height":1406,"caption":"Antrix and Carvoeiro Branco announce the purchase of the emblematic F\u00e1brica do Ingl\u00eas in Silves"},{"@type":"BreadcrumbList","@id":"https:\/\/antrix.pt\/pt-pt\/antrix-e-carvoeiro-branco-anunciam-a-compra-da-emblematica-fabrica-do-ingles-em-silves\/#breadcrumb","itemListElement":[{"@type":"ListItem","position":1,"name":"In\u00edcio","item":"https:\/\/antrix.pt\/pt-pt\/home\/"},{"@type":"ListItem","position":2,"name":"Antrix e Carvoeiro Branco anunciam a compra da emblem\u00e1tica F\u00e1brica do Ingl\u00eas em Silves"}]},{"@type":"WebSite","@id":"https:\/\/antrix.pt\/pt-pt\/#website","url":"https:\/\/antrix.pt\/pt-pt\/","name":"Antrix","description":"DEVELOPING WITH PRECISION AND CARE","publisher":{"@id":"https:\/\/antrix.pt\/pt-pt\/#organization"},"potentialAction":[{"@type":"SearchAction","target":{"@type":"EntryPoint","urlTemplate":"https:\/\/antrix.pt\/pt-pt\/?s={search_term_string}"},"query-input":{"@type":"PropertyValueSpecification","valueRequired":true,"valueName":"search_term_string"}}],"inLanguage":"pt-PT"},{"@type":"Organization","@id":"https:\/\/antrix.pt\/pt-pt\/#organization","name":"Antrix","url":"https:\/\/antrix.pt\/pt-pt\/","logo":{"@type":"ImageObject","inLanguage":"pt-PT","@id":"https:\/\/antrix.pt\/pt-pt\/#\/schema\/logo\/image\/","url":"","contentUrl":"","caption":"Antrix"},"image":{"@id":"https:\/\/antrix.pt\/pt-pt\/#\/schema\/logo\/image\/"}},{"@type":"Person","@id":"https:\/\/antrix.pt\/pt-pt\/#\/schema\/person\/1fd445dfd27972e12ec431e2b62b3588","name":"Pedro Limbert","image":{"@type":"ImageObject","inLanguage":"pt-PT","@id":"https:\/\/antrix.pt\/pt-pt\/#\/schema\/person\/image\/","url":"https:\/\/secure.gravatar.com\/avatar\/af658f1d63650100a1bae539737418e591de7baa923238b358553c27962dc571?s=96&d=mm&r=g","contentUrl":"https:\/\/secure.gravatar.com\/avatar\/af658f1d63650100a1bae539737418e591de7baa923238b358553c27962dc571?s=96&d=mm&r=g","caption":"Pedro Limbert"},"sameAs":["https:\/\/antrix.pt"],"url":"https:\/\/antrix.pt\/pt-pt\/author\/pedrolimbert\/"}]}},"_links":{"self":[{"href":"https:\/\/antrix.pt\/pt-pt\/wp-json\/wp\/v2\/posts\/9994","targetHints":{"allow":["GET"]}}],"collection":[{"href":"https:\/\/antrix.pt\/pt-pt\/wp-json\/wp\/v2\/posts"}],"about":[{"href":"https:\/\/antrix.pt\/pt-pt\/wp-json\/wp\/v2\/types\/post"}],"author":[{"embeddable":true,"href":"https:\/\/antrix.pt\/pt-pt\/wp-json\/wp\/v2\/users\/4"}],"replies":[{"embeddable":true,"href":"https:\/\/antrix.pt\/pt-pt\/wp-json\/wp\/v2\/comments?post=9994"}],"version-history":[{"count":2,"href":"https:\/\/antrix.pt\/pt-pt\/wp-json\/wp\/v2\/posts\/9994\/revisions"}],"predecessor-version":[{"id":10112,"href":"https:\/\/antrix.pt\/pt-pt\/wp-json\/wp\/v2\/posts\/9994\/revisions\/10112"}],"wp:featuredmedia":[{"embeddable":true,"href":"https:\/\/antrix.pt\/pt-pt\/wp-json\/wp\/v2\/media\/10110"}],"wp:attachment":[{"href":"https:\/\/antrix.pt\/pt-pt\/wp-json\/wp\/v2\/media?parent=9994"}],"wp:term":[{"taxonomy":"category","embeddable":true,"href":"https:\/\/antrix.pt\/pt-pt\/wp-json\/wp\/v2\/categories?post=9994"},{"taxonomy":"post_tag","embeddable":true,"href":"https:\/\/antrix.pt\/pt-pt\/wp-json\/wp\/v2\/tags?post=9994"}],"curies":[{"name":"wp","href":"https:\/\/api.w.org\/{rel}","templated":true}]}}