{"id":9992,"date":"2025-09-03T10:01:44","date_gmt":"2025-09-03T09:01:44","guid":{"rendered":"https:\/\/antrix.pt\/duas-promotoras-imobiliarias-compram-fabrica-do-ingles-para-reabrir-museu-da-cortica-e-criar-hotel-de-charme\/"},"modified":"2025-09-18T11:55:08","modified_gmt":"2025-09-18T10:55:08","slug":"duas-promotoras-imobiliarias-compram-fabrica-do-ingles-para-reabrir-museu-da-cortica-e-criar-hotel-de-charme","status":"publish","type":"post","link":"https:\/\/antrix.pt\/pt-pt\/duas-promotoras-imobiliarias-compram-fabrica-do-ingles-para-reabrir-museu-da-cortica-e-criar-hotel-de-charme\/","title":{"rendered":"Duas promotoras imobili\u00e1rias compram F\u00e1brica do Ingl\u00eas para reabrir Museu da Corti\u00e7a e criar hotel de charme"},"content":{"rendered":"\t\t<div data-elementor-type=\"wp-post\" data-elementor-id=\"9992\" class=\"elementor elementor-9992 elementor-9972\" data-elementor-post-type=\"post\">\n\t\t\t\t<div class=\"elementor-element elementor-element-e171361 animated-fast e-flex e-con-boxed elementor-invisible e-con e-parent\" data-id=\"e171361\" data-element_type=\"container\" data-settings=\"{&quot;background_background&quot;:&quot;classic&quot;,&quot;animation&quot;:&quot;h-neuron-animation--slideUp&quot;}\">\n\t\t\t\t\t<div class=\"e-con-inner\">\n\t\t<div class=\"elementor-element elementor-element-7da5131 e-con-full e-flex e-con e-child\" data-id=\"7da5131\" data-element_type=\"container\">\n\t\t\t\t<div class=\"elementor-element elementor-element-7640e65 elementor-widget elementor-widget-heading\" data-id=\"7640e65\" data-element_type=\"widget\" data-widget_type=\"heading.default\">\n\t\t\t\t<div class=\"elementor-widget-container\">\n\t\t\t\t\t<span class=\"elementor-heading-title elementor-size-default\">3 Setembro 2025<\/span>\t\t\t\t<\/div>\n\t\t\t\t<\/div>\n\t\t\t\t<div class=\"elementor-element elementor-element-c1392d6 elementor-widget elementor-widget-heading\" data-id=\"c1392d6\" data-element_type=\"widget\" data-widget_type=\"heading.default\">\n\t\t\t\t<div class=\"elementor-widget-container\">\n\t\t\t\t\t<span class=\"elementor-heading-title elementor-size-default\"><a href=\"https:\/\/antrix.pt\/pt-pt\/tag\/fabrica-do-ingles-pt-pt\/\" rel=\"tag\">F\u00e1brica do Ingl\u00eas<\/a><\/span>\t\t\t\t<\/div>\n\t\t\t\t<\/div>\n\t\t\t\t<\/div>\n\t\t\t\t<div class=\"elementor-element elementor-element-8b88963 elementor-widget elementor-widget-neuron-post-title elementor-page-title elementor-widget-heading\" data-id=\"8b88963\" data-element_type=\"widget\" data-widget_type=\"neuron-post-title.default\">\n\t\t\t\t<div class=\"elementor-widget-container\">\n\t\t\t\t\t<h3 class=\"elementor-heading-title elementor-size-default\">Duas promotoras imobili\u00e1rias compram F\u00e1brica do Ingl\u00eas para reabrir Museu da Corti\u00e7a e criar hotel de charme<\/h3>\t\t\t\t<\/div>\n\t\t\t\t<\/div>\n\t\t\t\t\t<\/div>\n\t\t\t\t<\/div>\n\t\t<div class=\"elementor-element elementor-element-1b76ddc animated-fast e-flex e-con-boxed elementor-invisible e-con e-parent\" data-id=\"1b76ddc\" data-element_type=\"container\" data-settings=\"{&quot;animation&quot;:&quot;h-neuron-animation--slideUp&quot;}\">\n\t\t\t\t\t<div class=\"e-con-inner\">\n\t\t\t\t<div class=\"elementor-element elementor-element-fe49ccd elementor-widget elementor-widget-text-editor\" data-id=\"fe49ccd\" data-element_type=\"widget\" data-widget_type=\"text-editor.default\">\n\t\t\t\t<div class=\"elementor-widget-container\">\n\t\t\t\t\t\t\t\t\t<em>Source: <span style=\"text-decoration: underline;\"><a href=\"https:\/\/www.sulinformacao.pt\/en\/2025\/09\/duas-promotoras-imobiliarias-compram-fabrica-do-ingles-para-reabrir-museu-da-cortica-e-criar-hotel-de-charme\/\">https:\/\/www.sulinformacao.pt\/en\/2025\/09\/duas-promotoras-imobiliarias-compram-fabrica-do-ingles-para-reabrir-museu-da-cortica-e-criar-hotel-de-charme\/<\/a><\/span><\/em>\n<h5>\n<h5>Duas promotoras imobili\u00e1rias compram F\u00e1brica do Ingl\u00eas para reabrir Museu da Corti\u00e7a e criar hotel de charme<\/h5>\nAs empresas Antrix e Carvoeiro Branco, promotoras imobili\u00e1rias, compraram a F\u00e1brica do Ingl\u00eas, em Silves, onde preveem construir um hotel \u00abde charme\u00bb, mas tamb\u00e9m reabrir o emblem\u00e1tico Museu da Corti\u00e7a.\n<\/p>\nO an\u00fancio foi feito esta quarta-feira, 3 de Setembro, num comunicado enviado \u00e0 imprensa por ambas as empresas.<\/p>\nSegundo dizem, o \u00abfuturo da F\u00e1brica do Ingl\u00eas passar\u00e1 pela valoriza\u00e7\u00e3o da sua vertente cultural e da mem\u00f3ria industrial que lhe deu origem, com destaque para a reabertura de um espa\u00e7o aberto \u00e0 comunidade, que volte a colocar a F\u00e1brica no cora\u00e7\u00e3o da vida cultural da cidade\u00bb.\n<\/p>\nO ponto de partida, garantem, \u00abser\u00e1 a reabertura do Museu da Corti\u00e7a, distinguido em 2001 como o melhor museu industrial da Europa, ano em que recebeu mais de 100 mil visitantes\u00bb, mas que fechou em 2009.\n<\/p>\nO projeto contempla ainda a preserva\u00e7\u00e3o e reabilita\u00e7\u00e3o dos edif\u00edcios hist\u00f3ricos que comp\u00f5em o complexo, com destaque para o ic\u00f3nico chalet do s\u00e9culo XIX, \u00abque ser\u00e1 cuidadosamente recuperado e continuar\u00e1 a acolher uma casa de ch\u00e1\u00bb.\n<\/p>\nEst\u00e1 tamb\u00e9m prevista a instala\u00e7\u00e3o dos futuros escrit\u00f3rios da Antrix e da Carvoeiro Branco no interior de um dos edif\u00edcios hist\u00f3ricos reabilitados.\n<\/p>\nA cria\u00e7\u00e3o de uma unidade hoteleira de charme completar\u00e1 o projeto.\n<\/p>\nPara Erik de Vlieger, diretor executivo da Carvoeiro Branco, a \u00abF\u00e1brica do Ingl\u00eas \u00e9 um marco incontorn\u00e1vel da mem\u00f3ria coletiva de Silves. O nosso objetivo \u00e9 preservar a sua identidade e devolver-lhe vida com um novo prop\u00f3sito que valorize o territ\u00f3rio e respeite a sua hist\u00f3ria\u00bb.\n<\/p>\n\u00abOrgulhamo-nos de estar em posi\u00e7\u00e3o de reativar um espa\u00e7o t\u00e3o relevante para a cidade e para o Algarve\u00bb, acrescenta.\n<\/p>\nA unidade industrial conhecida por F\u00e1brica do Ingl\u00eas foi constru\u00edda pela sociedade que inclu\u00eda a empresa Avern, Sons &amp; Barris e por um empres\u00e1rio corticeiro de Silves, Greg\u00f3rio Nunes Mascarenhas, em 1893.\n<\/p>\nGreg\u00f3rio Mascarenhas fora presidente da C\u00e2mara Municipal de Silves e diversas iniciativas culturais e edif\u00edcios p\u00fablicos da cidade tiveram o seu patroc\u00ednio pessoal.\n<\/p>\nA partir de 1938, quando um ter\u00e7o da f\u00e1brica foi vendido \u00e0 sociedade londrina Henry Bucknall &amp; Sons, o im\u00f3vel teve diversos propriet\u00e1rios, portugueses e ingleses.\n<\/p>\nDe 1962 at\u00e9 1995, quando a unidade deixou de laborar, pertenceu a Jos\u00e9 Alexandre Estrelo e sua irm\u00e3o Ana Cristina Estrelo, filhos de um empregado da corticeira.\n<\/p>\nEm 1998, a Sociedade F\u00e1brica do Ingl\u00eas, propriedade do Grupo Alicoop\/Alisuper, adquire a propriedade e o seu recheio, e a\u00ed instala um parque tem\u00e1tico, restaurantes e museu.\n<\/p>\nO conjunto da f\u00e1brica ocupa um quarteir\u00e3o e os antigos edif\u00edcios fabris, t\u00e9rreos, desenvolvem-se em torno de um p\u00e1tio central, onde existe um jardim e um pequeno chalet com planta em cruz.\n<\/p>\nAs fachadas exteriores s\u00e3o cegas na quase totalidade da sua extens\u00e3o, e rasgadas a oeste por tr\u00eas port\u00f5es de ferro.\n<\/p>\nAs obras de reabilita\u00e7\u00e3o do conjunto, que decorreram entre 1998 e 1999, permitiram a instala\u00e7\u00e3o do Museu da Corti\u00e7a, dirigido por Manuel Castelo Ramos (j\u00e1 falecido), que em 2001 foi premiado pelo F\u00f3rum Museol\u00f3gico Europeu com o Pr\u00e9mio Micheletti para o Melhor Museu Industrial da Europa.\n<\/p>\nO Museu da Corti\u00e7a est\u00e1 fechado desde 2009, mais ou menos na mesma altura em que encerrou o complexo da F\u00e1brica do Ingl\u00eas, que pertencia ao Grupo Alicoop\/Alisuper, entretanto falido.\n<\/p>\nA F\u00e1brica do Ingl\u00eas foi comprada em Maio de 2014, em hasta p\u00fablica, pela Caixa Geral de Dep\u00f3sitos, maior credora da empresa F\u00e1brica do Ingl\u00eas Gest\u00e3o de Empresas Imobili\u00e1rias e Tur\u00edsticas, no \u00e2mbito de cuja insolv\u00eancia decorreu o leil\u00e3o.\n<\/p>\nO esp\u00f3lio do Museu foi comprado pelo Grupo Nogueira, que entretanto tinha comprado parte dos supermercados da antiga Alicoop, desrespeitando o desejo expresso pela C\u00e2mara de Silves de adquirir esse esp\u00f3lio. Foi, entretanto, classificado como conjunto de bens m\u00f3veis de interesse municipal, decis\u00e3o publicada em 2024 em Di\u00e1rio da Rep\u00fablica.  \t\t\t\t\t\t\t\t<\/div>\n\t\t\t\t<\/div>\n\t\t\t\t\t<\/div>\n\t\t\t\t<\/div>\n\t\t<div class=\"elementor-element elementor-element-cd2fa53 animated-fast e-flex e-con-boxed elementor-invisible e-con e-parent\" data-id=\"cd2fa53\" data-element_type=\"container\" data-settings=\"{&quot;animation&quot;:&quot;h-neuron-animation--slideUp&quot;}\">\n\t\t\t\t\t<div class=\"e-con-inner\">\n\t\t<div class=\"elementor-element elementor-element-109933b e-con-full e-flex e-con e-child\" data-id=\"109933b\" data-element_type=\"container\">\n\t\t\t\t<div class=\"elementor-element elementor-element-6ee1856 elementor-widget elementor-widget-neuron-post-navigation\" data-id=\"6ee1856\" data-element_type=\"widget\" data-widget_type=\"neuron-post-navigation.default\">\n\t\t\t\t<div class=\"elementor-widget-container\">\n\t\t\t\t\t\t\t<div class=\"o-post-navigation\">\r\n\r\n\t\t\t\r\n\t\t\t\t\t\t\t<div class=\"o-post-navigation__link o-post-navigation__link--prev\" >\r\n\t\t\t\t\t<a href=\"https:\/\/antrix.pt\/pt-pt\/promotora-antrix-entra-no-mercado-portugues\/\" rel=\"prev\"><div class=\"o-post-navigation__icon left\">\r\n\t\t\t \r\n\t\t\t<span class=\"o-post-navigation__label\">Anterior<\/span>\r\n\t\t\t<\/div>\r\n\t\t\t<span class=\"o-post-navigation__title\">Promotora Antrix entra no mercado portugu\u00eas<\/span><\/a>\t\t\t\t<\/div>\r\n\t\t\t\r\n\t\t\t\t\t\t\t<div class=\"o-post-navigation__link o-post-navigation__link--next\" >\r\n\t\t\t\t\t<a href=\"https:\/\/antrix.pt\/pt-pt\/silves-imobiliarias-de-erik-de-vlieger-compram-devoluta-mas-iconica-fabrica-do-ingles\/\" rel=\"next\"><div class=\"o-post-navigation__icon right\">\r\n\t\t\t<span class=\"o-post-navigation__label\">Pr\u00f3ximo<\/span> \r\n\t\t\t<\/div>\r\n\t\t\t<span class=\"o-post-navigation__title\">Silves: Imobili\u00e1rias de Erik de Vlieger compram devoluta mas ic\u00f3nica F\u00e1brica do Ingl\u00eas<\/span><\/a>\t\t\t\t<\/div>\r\n\t\t\t\t\t<\/div>\r\n\t\t\t\t\t<\/div>\n\t\t\t\t<\/div>\n\t\t\t\t<\/div>\n\t\t\t\t\t<\/div>\n\t\t\t\t<\/div>\n\t\t\t\t<\/div>\n\t\t","protected":false},"excerpt":{"rendered":"<p>As empresas Antrix e Carvoeiro Branco, promotoras imobili\u00e1rias, compraram a F\u00e1brica do Ingl\u00eas, em Silves, onde preveem construir um hotel \u00c3\u201a\u00c2\u00abde charme\u00c3\u201a\u00c2\u00bb, mas tamb\u00ed\u00a9m reabrir o emblem\u00e1tico Museu da Corti\u00e7a. &#8230;<\/p>\n","protected":false},"author":4,"featured_media":10114,"comment_status":"open","ping_status":"open","sticky":false,"template":"elementor_header_footer","format":"standard","meta":{"footnotes":""},"categories":[113],"tags":[132],"class_list":["post-9992","post","type-post","status-publish","format-standard","has-post-thumbnail","hentry","category-noticias-artigos","tag-fabrica-do-ingles-pt-pt"],"yoast_head":"<!-- This site is optimized with the Yoast SEO plugin v25.0 - https:\/\/yoast.com\/wordpress\/plugins\/seo\/ -->\n<title>Duas promotoras imobili\u00e1rias compram F\u00e1brica do Ingl\u00eas para reabrir Museu da Corti\u00e7a e criar hotel de charme - Antrix<\/title>\n<meta name=\"robots\" content=\"index, follow, max-snippet:-1, max-image-preview:large, max-video-preview:-1\" \/>\n<link rel=\"canonical\" href=\"https:\/\/antrix.pt\/pt-pt\/duas-promotoras-imobiliarias-compram-fabrica-do-ingles-para-reabrir-museu-da-cortica-e-criar-hotel-de-charme\/\" \/>\n<meta property=\"og:locale\" content=\"pt_PT\" \/>\n<meta property=\"og:type\" content=\"article\" \/>\n<meta property=\"og:title\" content=\"Duas promotoras imobili\u00e1rias compram F\u00e1brica do Ingl\u00eas para reabrir Museu da Corti\u00e7a e criar hotel de charme - Antrix\" \/>\n<meta property=\"og:description\" content=\"As empresas Antrix e Carvoeiro Branco, promotoras imobili\u00e1rias, compraram a F\u00e1brica do Ingl\u00eas, em Silves, onde preveem construir um hotel \u00c3\u201a\u00c2\u00abde charme\u00c3\u201a\u00c2\u00bb, mas tamb\u00ed\u00a9m reabrir o emblem\u00e1tico Museu da Corti\u00e7a. ...\" \/>\n<meta property=\"og:url\" content=\"https:\/\/antrix.pt\/pt-pt\/duas-promotoras-imobiliarias-compram-fabrica-do-ingles-para-reabrir-museu-da-cortica-e-criar-hotel-de-charme\/\" \/>\n<meta property=\"og:site_name\" content=\"Antrix\" \/>\n<meta property=\"article:published_time\" content=\"2025-09-03T09:01:44+00:00\" \/>\n<meta property=\"article:modified_time\" content=\"2025-09-18T10:55:08+00:00\" \/>\n<meta property=\"og:image\" content=\"https:\/\/antrix.pt\/wp-content\/uploads\/2025\/09\/Antrix-Media-Templates-3-scaled.png\" \/>\n\t<meta property=\"og:image:width\" content=\"2500\" \/>\n\t<meta property=\"og:image:height\" content=\"1406\" \/>\n\t<meta property=\"og:image:type\" content=\"image\/png\" \/>\n<meta name=\"author\" content=\"Pedro Limbert\" \/>\n<meta name=\"twitter:card\" content=\"summary_large_image\" \/>\n<meta name=\"twitter:label1\" content=\"Escrito por\" \/>\n\t<meta name=\"twitter:data1\" content=\"Pedro Limbert\" \/>\n\t<meta name=\"twitter:label2\" content=\"Tempo estimado de leitura\" \/>\n\t<meta name=\"twitter:data2\" content=\"4 minutos\" \/>\n<script type=\"application\/ld+json\" class=\"yoast-schema-graph\">{\"@context\":\"https:\/\/schema.org\",\"@graph\":[{\"@type\":\"Article\",\"@id\":\"https:\/\/antrix.pt\/pt-pt\/duas-promotoras-imobiliarias-compram-fabrica-do-ingles-para-reabrir-museu-da-cortica-e-criar-hotel-de-charme\/#article\",\"isPartOf\":{\"@id\":\"https:\/\/antrix.pt\/pt-pt\/duas-promotoras-imobiliarias-compram-fabrica-do-ingles-para-reabrir-museu-da-cortica-e-criar-hotel-de-charme\/\"},\"author\":{\"name\":\"Pedro Limbert\",\"@id\":\"https:\/\/antrix.pt\/pt-pt\/#\/schema\/person\/1fd445dfd27972e12ec431e2b62b3588\"},\"headline\":\"Duas promotoras imobili\u00e1rias compram F\u00e1brica do Ingl\u00eas para reabrir Museu da Corti\u00e7a e criar hotel de charme\",\"datePublished\":\"2025-09-03T09:01:44+00:00\",\"dateModified\":\"2025-09-18T10:55:08+00:00\",\"mainEntityOfPage\":{\"@id\":\"https:\/\/antrix.pt\/pt-pt\/duas-promotoras-imobiliarias-compram-fabrica-do-ingles-para-reabrir-museu-da-cortica-e-criar-hotel-de-charme\/\"},\"wordCount\":767,\"commentCount\":0,\"publisher\":{\"@id\":\"https:\/\/antrix.pt\/pt-pt\/#organization\"},\"image\":{\"@id\":\"https:\/\/antrix.pt\/pt-pt\/duas-promotoras-imobiliarias-compram-fabrica-do-ingles-para-reabrir-museu-da-cortica-e-criar-hotel-de-charme\/#primaryimage\"},\"thumbnailUrl\":\"https:\/\/antrix.pt\/wp-content\/uploads\/2025\/09\/Antrix-Media-Templates-3-scaled.png\",\"keywords\":[\"F\u00e1brica do Ingl\u00eas\"],\"articleSection\":[\"Not\u00ed\u00adcias &amp; Artigos\"],\"inLanguage\":\"pt-PT\",\"potentialAction\":[{\"@type\":\"CommentAction\",\"name\":\"Comment\",\"target\":[\"https:\/\/antrix.pt\/pt-pt\/duas-promotoras-imobiliarias-compram-fabrica-do-ingles-para-reabrir-museu-da-cortica-e-criar-hotel-de-charme\/#respond\"]}]},{\"@type\":\"WebPage\",\"@id\":\"https:\/\/antrix.pt\/pt-pt\/duas-promotoras-imobiliarias-compram-fabrica-do-ingles-para-reabrir-museu-da-cortica-e-criar-hotel-de-charme\/\",\"url\":\"https:\/\/antrix.pt\/pt-pt\/duas-promotoras-imobiliarias-compram-fabrica-do-ingles-para-reabrir-museu-da-cortica-e-criar-hotel-de-charme\/\",\"name\":\"Duas promotoras imobili\u00e1rias compram F\u00e1brica do Ingl\u00eas para reabrir Museu da Corti\u00e7a e criar hotel de charme - Antrix\",\"isPartOf\":{\"@id\":\"https:\/\/antrix.pt\/pt-pt\/#website\"},\"primaryImageOfPage\":{\"@id\":\"https:\/\/antrix.pt\/pt-pt\/duas-promotoras-imobiliarias-compram-fabrica-do-ingles-para-reabrir-museu-da-cortica-e-criar-hotel-de-charme\/#primaryimage\"},\"image\":{\"@id\":\"https:\/\/antrix.pt\/pt-pt\/duas-promotoras-imobiliarias-compram-fabrica-do-ingles-para-reabrir-museu-da-cortica-e-criar-hotel-de-charme\/#primaryimage\"},\"thumbnailUrl\":\"https:\/\/antrix.pt\/wp-content\/uploads\/2025\/09\/Antrix-Media-Templates-3-scaled.png\",\"datePublished\":\"2025-09-03T09:01:44+00:00\",\"dateModified\":\"2025-09-18T10:55:08+00:00\",\"breadcrumb\":{\"@id\":\"https:\/\/antrix.pt\/pt-pt\/duas-promotoras-imobiliarias-compram-fabrica-do-ingles-para-reabrir-museu-da-cortica-e-criar-hotel-de-charme\/#breadcrumb\"},\"inLanguage\":\"pt-PT\",\"potentialAction\":[{\"@type\":\"ReadAction\",\"target\":[\"https:\/\/antrix.pt\/pt-pt\/duas-promotoras-imobiliarias-compram-fabrica-do-ingles-para-reabrir-museu-da-cortica-e-criar-hotel-de-charme\/\"]}]},{\"@type\":\"ImageObject\",\"inLanguage\":\"pt-PT\",\"@id\":\"https:\/\/antrix.pt\/pt-pt\/duas-promotoras-imobiliarias-compram-fabrica-do-ingles-para-reabrir-museu-da-cortica-e-criar-hotel-de-charme\/#primaryimage\",\"url\":\"https:\/\/antrix.pt\/wp-content\/uploads\/2025\/09\/Antrix-Media-Templates-3-scaled.png\",\"contentUrl\":\"https:\/\/antrix.pt\/wp-content\/uploads\/2025\/09\/Antrix-Media-Templates-3-scaled.png\",\"width\":2500,\"height\":1406,\"caption\":\"Two real estate developers buy F\u00e1brica do Ingl\u00eas to reopen the Cork Museum and create a boutique hotel\"},{\"@type\":\"BreadcrumbList\",\"@id\":\"https:\/\/antrix.pt\/pt-pt\/duas-promotoras-imobiliarias-compram-fabrica-do-ingles-para-reabrir-museu-da-cortica-e-criar-hotel-de-charme\/#breadcrumb\",\"itemListElement\":[{\"@type\":\"ListItem\",\"position\":1,\"name\":\"In\u00edcio\",\"item\":\"https:\/\/antrix.pt\/pt-pt\/home\/\"},{\"@type\":\"ListItem\",\"position\":2,\"name\":\"Duas promotoras imobili\u00e1rias compram F\u00e1brica do Ingl\u00eas para reabrir Museu da Corti\u00e7a e criar hotel de charme\"}]},{\"@type\":\"WebSite\",\"@id\":\"https:\/\/antrix.pt\/pt-pt\/#website\",\"url\":\"https:\/\/antrix.pt\/pt-pt\/\",\"name\":\"Antrix\",\"description\":\"DEVELOPING WITH PRECISION AND CARE\",\"publisher\":{\"@id\":\"https:\/\/antrix.pt\/pt-pt\/#organization\"},\"potentialAction\":[{\"@type\":\"SearchAction\",\"target\":{\"@type\":\"EntryPoint\",\"urlTemplate\":\"https:\/\/antrix.pt\/pt-pt\/?s={search_term_string}\"},\"query-input\":{\"@type\":\"PropertyValueSpecification\",\"valueRequired\":true,\"valueName\":\"search_term_string\"}}],\"inLanguage\":\"pt-PT\"},{\"@type\":\"Organization\",\"@id\":\"https:\/\/antrix.pt\/pt-pt\/#organization\",\"name\":\"Antrix\",\"url\":\"https:\/\/antrix.pt\/pt-pt\/\",\"logo\":{\"@type\":\"ImageObject\",\"inLanguage\":\"pt-PT\",\"@id\":\"https:\/\/antrix.pt\/pt-pt\/#\/schema\/logo\/image\/\",\"url\":\"\",\"contentUrl\":\"\",\"caption\":\"Antrix\"},\"image\":{\"@id\":\"https:\/\/antrix.pt\/pt-pt\/#\/schema\/logo\/image\/\"}},{\"@type\":\"Person\",\"@id\":\"https:\/\/antrix.pt\/pt-pt\/#\/schema\/person\/1fd445dfd27972e12ec431e2b62b3588\",\"name\":\"Pedro Limbert\",\"image\":{\"@type\":\"ImageObject\",\"inLanguage\":\"pt-PT\",\"@id\":\"https:\/\/antrix.pt\/pt-pt\/#\/schema\/person\/image\/\",\"url\":\"https:\/\/secure.gravatar.com\/avatar\/af658f1d63650100a1bae539737418e591de7baa923238b358553c27962dc571?s=96&d=mm&r=g\",\"contentUrl\":\"https:\/\/secure.gravatar.com\/avatar\/af658f1d63650100a1bae539737418e591de7baa923238b358553c27962dc571?s=96&d=mm&r=g\",\"caption\":\"Pedro Limbert\"},\"sameAs\":[\"https:\/\/antrix.pt\"],\"url\":\"https:\/\/antrix.pt\/pt-pt\/author\/pedrolimbert\/\"}]}<\/script>\n<!-- \/ Yoast SEO plugin. -->","yoast_head_json":{"title":"Duas promotoras imobili\u00e1rias compram F\u00e1brica do Ingl\u00eas para reabrir Museu da Corti\u00e7a e criar hotel de charme - Antrix","robots":{"index":"index","follow":"follow","max-snippet":"max-snippet:-1","max-image-preview":"max-image-preview:large","max-video-preview":"max-video-preview:-1"},"canonical":"https:\/\/antrix.pt\/pt-pt\/duas-promotoras-imobiliarias-compram-fabrica-do-ingles-para-reabrir-museu-da-cortica-e-criar-hotel-de-charme\/","og_locale":"pt_PT","og_type":"article","og_title":"Duas promotoras imobili\u00e1rias compram F\u00e1brica do Ingl\u00eas para reabrir Museu da Corti\u00e7a e criar hotel de charme - Antrix","og_description":"As empresas Antrix e Carvoeiro Branco, promotoras imobili\u00e1rias, compraram a F\u00e1brica do Ingl\u00eas, em Silves, onde preveem construir um hotel \u00c3\u201a\u00c2\u00abde charme\u00c3\u201a\u00c2\u00bb, mas tamb\u00ed\u00a9m reabrir o emblem\u00e1tico Museu da Corti\u00e7a. ...","og_url":"https:\/\/antrix.pt\/pt-pt\/duas-promotoras-imobiliarias-compram-fabrica-do-ingles-para-reabrir-museu-da-cortica-e-criar-hotel-de-charme\/","og_site_name":"Antrix","article_published_time":"2025-09-03T09:01:44+00:00","article_modified_time":"2025-09-18T10:55:08+00:00","og_image":[{"width":2500,"height":1406,"url":"https:\/\/antrix.pt\/wp-content\/uploads\/2025\/09\/Antrix-Media-Templates-3-scaled.png","type":"image\/png"}],"author":"Pedro Limbert","twitter_card":"summary_large_image","twitter_misc":{"Escrito por":"Pedro Limbert","Tempo estimado de leitura":"4 minutos"},"schema":{"@context":"https:\/\/schema.org","@graph":[{"@type":"Article","@id":"https:\/\/antrix.pt\/pt-pt\/duas-promotoras-imobiliarias-compram-fabrica-do-ingles-para-reabrir-museu-da-cortica-e-criar-hotel-de-charme\/#article","isPartOf":{"@id":"https:\/\/antrix.pt\/pt-pt\/duas-promotoras-imobiliarias-compram-fabrica-do-ingles-para-reabrir-museu-da-cortica-e-criar-hotel-de-charme\/"},"author":{"name":"Pedro Limbert","@id":"https:\/\/antrix.pt\/pt-pt\/#\/schema\/person\/1fd445dfd27972e12ec431e2b62b3588"},"headline":"Duas promotoras imobili\u00e1rias compram F\u00e1brica do Ingl\u00eas para reabrir Museu da Corti\u00e7a e criar hotel de charme","datePublished":"2025-09-03T09:01:44+00:00","dateModified":"2025-09-18T10:55:08+00:00","mainEntityOfPage":{"@id":"https:\/\/antrix.pt\/pt-pt\/duas-promotoras-imobiliarias-compram-fabrica-do-ingles-para-reabrir-museu-da-cortica-e-criar-hotel-de-charme\/"},"wordCount":767,"commentCount":0,"publisher":{"@id":"https:\/\/antrix.pt\/pt-pt\/#organization"},"image":{"@id":"https:\/\/antrix.pt\/pt-pt\/duas-promotoras-imobiliarias-compram-fabrica-do-ingles-para-reabrir-museu-da-cortica-e-criar-hotel-de-charme\/#primaryimage"},"thumbnailUrl":"https:\/\/antrix.pt\/wp-content\/uploads\/2025\/09\/Antrix-Media-Templates-3-scaled.png","keywords":["F\u00e1brica do Ingl\u00eas"],"articleSection":["Not\u00ed\u00adcias &amp; Artigos"],"inLanguage":"pt-PT","potentialAction":[{"@type":"CommentAction","name":"Comment","target":["https:\/\/antrix.pt\/pt-pt\/duas-promotoras-imobiliarias-compram-fabrica-do-ingles-para-reabrir-museu-da-cortica-e-criar-hotel-de-charme\/#respond"]}]},{"@type":"WebPage","@id":"https:\/\/antrix.pt\/pt-pt\/duas-promotoras-imobiliarias-compram-fabrica-do-ingles-para-reabrir-museu-da-cortica-e-criar-hotel-de-charme\/","url":"https:\/\/antrix.pt\/pt-pt\/duas-promotoras-imobiliarias-compram-fabrica-do-ingles-para-reabrir-museu-da-cortica-e-criar-hotel-de-charme\/","name":"Duas promotoras imobili\u00e1rias compram F\u00e1brica do Ingl\u00eas para reabrir Museu da Corti\u00e7a e criar hotel de charme - Antrix","isPartOf":{"@id":"https:\/\/antrix.pt\/pt-pt\/#website"},"primaryImageOfPage":{"@id":"https:\/\/antrix.pt\/pt-pt\/duas-promotoras-imobiliarias-compram-fabrica-do-ingles-para-reabrir-museu-da-cortica-e-criar-hotel-de-charme\/#primaryimage"},"image":{"@id":"https:\/\/antrix.pt\/pt-pt\/duas-promotoras-imobiliarias-compram-fabrica-do-ingles-para-reabrir-museu-da-cortica-e-criar-hotel-de-charme\/#primaryimage"},"thumbnailUrl":"https:\/\/antrix.pt\/wp-content\/uploads\/2025\/09\/Antrix-Media-Templates-3-scaled.png","datePublished":"2025-09-03T09:01:44+00:00","dateModified":"2025-09-18T10:55:08+00:00","breadcrumb":{"@id":"https:\/\/antrix.pt\/pt-pt\/duas-promotoras-imobiliarias-compram-fabrica-do-ingles-para-reabrir-museu-da-cortica-e-criar-hotel-de-charme\/#breadcrumb"},"inLanguage":"pt-PT","potentialAction":[{"@type":"ReadAction","target":["https:\/\/antrix.pt\/pt-pt\/duas-promotoras-imobiliarias-compram-fabrica-do-ingles-para-reabrir-museu-da-cortica-e-criar-hotel-de-charme\/"]}]},{"@type":"ImageObject","inLanguage":"pt-PT","@id":"https:\/\/antrix.pt\/pt-pt\/duas-promotoras-imobiliarias-compram-fabrica-do-ingles-para-reabrir-museu-da-cortica-e-criar-hotel-de-charme\/#primaryimage","url":"https:\/\/antrix.pt\/wp-content\/uploads\/2025\/09\/Antrix-Media-Templates-3-scaled.png","contentUrl":"https:\/\/antrix.pt\/wp-content\/uploads\/2025\/09\/Antrix-Media-Templates-3-scaled.png","width":2500,"height":1406,"caption":"Two real estate developers buy F\u00e1brica do Ingl\u00eas to reopen the Cork Museum and create a boutique hotel"},{"@type":"BreadcrumbList","@id":"https:\/\/antrix.pt\/pt-pt\/duas-promotoras-imobiliarias-compram-fabrica-do-ingles-para-reabrir-museu-da-cortica-e-criar-hotel-de-charme\/#breadcrumb","itemListElement":[{"@type":"ListItem","position":1,"name":"In\u00edcio","item":"https:\/\/antrix.pt\/pt-pt\/home\/"},{"@type":"ListItem","position":2,"name":"Duas promotoras imobili\u00e1rias compram F\u00e1brica do Ingl\u00eas para reabrir Museu da Corti\u00e7a e criar hotel de charme"}]},{"@type":"WebSite","@id":"https:\/\/antrix.pt\/pt-pt\/#website","url":"https:\/\/antrix.pt\/pt-pt\/","name":"Antrix","description":"DEVELOPING WITH PRECISION AND CARE","publisher":{"@id":"https:\/\/antrix.pt\/pt-pt\/#organization"},"potentialAction":[{"@type":"SearchAction","target":{"@type":"EntryPoint","urlTemplate":"https:\/\/antrix.pt\/pt-pt\/?s={search_term_string}"},"query-input":{"@type":"PropertyValueSpecification","valueRequired":true,"valueName":"search_term_string"}}],"inLanguage":"pt-PT"},{"@type":"Organization","@id":"https:\/\/antrix.pt\/pt-pt\/#organization","name":"Antrix","url":"https:\/\/antrix.pt\/pt-pt\/","logo":{"@type":"ImageObject","inLanguage":"pt-PT","@id":"https:\/\/antrix.pt\/pt-pt\/#\/schema\/logo\/image\/","url":"","contentUrl":"","caption":"Antrix"},"image":{"@id":"https:\/\/antrix.pt\/pt-pt\/#\/schema\/logo\/image\/"}},{"@type":"Person","@id":"https:\/\/antrix.pt\/pt-pt\/#\/schema\/person\/1fd445dfd27972e12ec431e2b62b3588","name":"Pedro Limbert","image":{"@type":"ImageObject","inLanguage":"pt-PT","@id":"https:\/\/antrix.pt\/pt-pt\/#\/schema\/person\/image\/","url":"https:\/\/secure.gravatar.com\/avatar\/af658f1d63650100a1bae539737418e591de7baa923238b358553c27962dc571?s=96&d=mm&r=g","contentUrl":"https:\/\/secure.gravatar.com\/avatar\/af658f1d63650100a1bae539737418e591de7baa923238b358553c27962dc571?s=96&d=mm&r=g","caption":"Pedro Limbert"},"sameAs":["https:\/\/antrix.pt"],"url":"https:\/\/antrix.pt\/pt-pt\/author\/pedrolimbert\/"}]}},"_links":{"self":[{"href":"https:\/\/antrix.pt\/pt-pt\/wp-json\/wp\/v2\/posts\/9992","targetHints":{"allow":["GET"]}}],"collection":[{"href":"https:\/\/antrix.pt\/pt-pt\/wp-json\/wp\/v2\/posts"}],"about":[{"href":"https:\/\/antrix.pt\/pt-pt\/wp-json\/wp\/v2\/types\/post"}],"author":[{"embeddable":true,"href":"https:\/\/antrix.pt\/pt-pt\/wp-json\/wp\/v2\/users\/4"}],"replies":[{"embeddable":true,"href":"https:\/\/antrix.pt\/pt-pt\/wp-json\/wp\/v2\/comments?post=9992"}],"version-history":[{"count":2,"href":"https:\/\/antrix.pt\/pt-pt\/wp-json\/wp\/v2\/posts\/9992\/revisions"}],"predecessor-version":[{"id":10115,"href":"https:\/\/antrix.pt\/pt-pt\/wp-json\/wp\/v2\/posts\/9992\/revisions\/10115"}],"wp:featuredmedia":[{"embeddable":true,"href":"https:\/\/antrix.pt\/pt-pt\/wp-json\/wp\/v2\/media\/10114"}],"wp:attachment":[{"href":"https:\/\/antrix.pt\/pt-pt\/wp-json\/wp\/v2\/media?parent=9992"}],"wp:term":[{"taxonomy":"category","embeddable":true,"href":"https:\/\/antrix.pt\/pt-pt\/wp-json\/wp\/v2\/categories?post=9992"},{"taxonomy":"post_tag","embeddable":true,"href":"https:\/\/antrix.pt\/pt-pt\/wp-json\/wp\/v2\/tags?post=9992"}],"curies":[{"name":"wp","href":"https:\/\/api.w.org\/{rel}","templated":true}]}}