{"id":11246,"date":"2026-04-28T10:53:54","date_gmt":"2026-04-28T09:53:54","guid":{"rendered":"https:\/\/antrix.pt\/museu-da-cortica-de-silves-vai-reabrir-a-4-de-julho-depois-de-16-anos-fechado\/"},"modified":"2026-04-28T11:01:52","modified_gmt":"2026-04-28T10:01:52","slug":"museu-da-cortica-de-silves-vai-reabrir-a-4-de-julho-depois-de-16-anos-fechado","status":"publish","type":"post","link":"https:\/\/antrix.pt\/pt-pt\/museu-da-cortica-de-silves-vai-reabrir-a-4-de-julho-depois-de-16-anos-fechado\/","title":{"rendered":"Museu da Corti\u00e7a de Silves vai reabrir a 4 de Julho depois de 16 anos fechado"},"content":{"rendered":"\t\t<div data-elementor-type=\"wp-post\" data-elementor-id=\"11246\" class=\"elementor elementor-11246 elementor-11234\" data-elementor-post-type=\"post\">\n\t\t\t\t<div class=\"elementor-element elementor-element-e171361 animated-fast e-flex e-con-boxed elementor-invisible e-con e-parent\" data-id=\"e171361\" data-element_type=\"container\" data-settings=\"{&quot;background_background&quot;:&quot;classic&quot;,&quot;animation&quot;:&quot;h-neuron-animation--slideUp&quot;}\">\n\t\t\t\t\t<div class=\"e-con-inner\">\n\t\t<div class=\"elementor-element elementor-element-7da5131 e-con-full e-flex e-con e-child\" data-id=\"7da5131\" data-element_type=\"container\">\n\t\t\t\t<div class=\"elementor-element elementor-element-7640e65 elementor-widget elementor-widget-heading\" data-id=\"7640e65\" data-element_type=\"widget\" data-widget_type=\"heading.default\">\n\t\t\t\t<div class=\"elementor-widget-container\">\n\t\t\t\t\t<span class=\"elementor-heading-title elementor-size-default\">28 Abril 2026<\/span>\t\t\t\t<\/div>\n\t\t\t\t<\/div>\n\t\t\t\t<div class=\"elementor-element elementor-element-c1392d6 elementor-widget elementor-widget-heading\" data-id=\"c1392d6\" data-element_type=\"widget\" data-widget_type=\"heading.default\">\n\t\t\t\t<div class=\"elementor-widget-container\">\n\t\t\t\t\t<span class=\"elementor-heading-title elementor-size-default\"><a href=\"https:\/\/antrix.pt\/pt-pt\/tag\/fabrica-do-ingles-pt-pt\/\" rel=\"tag\">F\u00e1brica do Ingl\u00eas<\/a><\/span>\t\t\t\t<\/div>\n\t\t\t\t<\/div>\n\t\t\t\t<\/div>\n\t\t\t\t<div class=\"elementor-element elementor-element-8b88963 elementor-widget elementor-widget-neuron-post-title elementor-page-title elementor-widget-heading\" data-id=\"8b88963\" data-element_type=\"widget\" data-widget_type=\"neuron-post-title.default\">\n\t\t\t\t<div class=\"elementor-widget-container\">\n\t\t\t\t\t<h3 class=\"elementor-heading-title elementor-size-default\">Museu da Corti\u00e7a de Silves vai reabrir a 4 de Julho depois de 16 anos fechado<\/h3>\t\t\t\t<\/div>\n\t\t\t\t<\/div>\n\t\t\t\t\t<\/div>\n\t\t\t\t<\/div>\n\t\t<div class=\"elementor-element elementor-element-1b76ddc animated-fast e-flex e-con-boxed elementor-invisible e-con e-parent\" data-id=\"1b76ddc\" data-element_type=\"container\" data-settings=\"{&quot;animation&quot;:&quot;h-neuron-animation--slideUp&quot;}\">\n\t\t\t\t\t<div class=\"e-con-inner\">\n\t\t\t\t<div class=\"elementor-element elementor-element-fe49ccd elementor-widget elementor-widget-text-editor\" data-id=\"fe49ccd\" data-element_type=\"widget\" data-widget_type=\"text-editor.default\">\n\t\t\t\t<div class=\"elementor-widget-container\">\n\t\t\t\t\t\t\t\t\t<em>Source: <span style=\"text-decoration: underline;\"><a href=\"https:\/\/www.sulinformacao.pt\/2026\/04\/museu-da-cortica-de-silves-vai-reabrir-a-4-de-julho-depois-de-16-anos-fechado\/\">https:\/\/www.sulinformacao.pt\/2026\/04\/museu-da-cortica-de-silves-vai-reabrir-a-4-de-julho-depois-de-16-anos-fechado\/<\/a><\/span><\/em>\n<\/p>\n<p class=\"p1\">O Museu da Corti\u00e7a, em Silves, vai reabrir a 4 de Julho pr\u00f3ximo, depois de ter estado fechado e a degradar-se durante 16 longos anos. A garantia foi dada ao Sul Informa\u00e7\u00e3o por Erik de Vlieger, empres\u00e1rio holand\u00eas radicado no Algarve h\u00e1 v\u00e1rios anos, que, em Abril de 2025, comprou o complexo da antiga F\u00e1brica do Ingl\u00eas e o esp\u00f3lio m\u00f3vel do museu. \n<\/p>\n<p class=\"p1\">Em entrevista que decorreu no Museu da Corti\u00e7a, entre as m\u00e1quinas antigas que constituem um dos seus atrativos, o empres\u00e1rio admitiu que, quando reabrir, dentro de pouco mais de dois meses, a estrutura museol\u00f3gica \u00abn\u00e3o vai estar perfeita. Mas, se estamos \u00e0 espera de ter tudo perfeito, passa-se outro ano. E isso n\u00e3o pode ser\u00bb.\n<\/p>\n<p class=\"p1\">Erik de Vlieger explicou ao nosso jornal porque \u00e9 que se interessou pelo destino da F\u00e1brica do Ingl\u00eas e do Museu da Corti\u00e7a, ambos fechados desde que, em 2009, o Grupo Alicoop\/Alisuper, que era seu propriet\u00e1rio, entrou em insolv\u00eancia.\n<\/p>\n<p class=\"p1\">\u00abEu sou um homem de neg\u00f3cios. Mas, \u00e0s vezes, na nossa vida, encontramos algo que faz o neg\u00f3cio ficar de lado. Conhe\u00e7o Silves muito bem, porque venho aqui desde h\u00e1 15, 20 anos. E todas as vezes que eu passava na F\u00e1brica do ingl\u00eas, o meu cora\u00e7\u00e3o sangrava. N\u00e3o conseguia aceitar que tudo aquilo estivesse fechado e a degradar-se\u00bb.\n<\/p>\n<p class=\"p1\">Por isso, recordou, \u00abtentei saber o que se passava e descobri que havia uns propriet\u00e1rios fora do Algarve que n\u00e3o se importavam com nada, nem com o museu, nem com os edif\u00edcios lindos, deixaram que tudo isto se deteriorasse. Eles tinham financiamento de um grande banco em Lisboa. Mas o banco tamb\u00e9m n\u00e3o fez nada. Do Governo, tamb\u00e9m ningu\u00e9m fez nada para salvar a F\u00e1brica do Ingl\u00eas. Porque, em Lisboa e em Porto, eles acham: isto \u00e9 s\u00f3 o Algarve, l\u00e1 n\u00e3o h\u00e1 cultura, n\u00e3o interessa. Ent\u00e3o, enquanto os anos passavam, eu ia ficando mais zangado, com mais raiva. E quando a emo\u00e7\u00e3o entra, o neg\u00f3cio vai embora. Ent\u00e3o eu decidi entrar nisto. E a primeira coisa que quis fazer foi abrir o museu e devolv\u00ea-lo \u00e0 comunidade\u00bb.\n<\/p>\n<p class=\"p1\">O promotor neerland\u00eas acrescenta que tamb\u00e9m quer instalar, num dos edif\u00edcios da F\u00e1brica do Ingl\u00eas \u00aba sede das minhas empresas\u00bb. Mas quer tamb\u00e9m \u00abfazer aqui um hotel lindo\u00bb e \u00abalguns apartamentos\u00bb. Mas j\u00e1 l\u00e1 vamos.  \n<\/p>\n<p class=\"p1\">Apesar de ter arriscado a compra do complexo da F\u00e1brica do Ingl\u00eas por causa da \u00abraiva\u00bb que sentia por ver tudo aquilo fechado e a degradar-se, Erik salienta que n\u00e3o quer \u00abperder dinheiro. N\u00e3o acho que vou fazer muito dinheiro aqui, mas tamb\u00e9m n\u00e3o quero perder dinheiro. Acho \u00e9 que algu\u00e9m tinha de fazer isto. Esta compra nasceu de emo\u00e7\u00e3o, n\u00e3o da raz\u00e3o\u00bb.\n<\/p>\n<p class=\"p1\">A primeira visita de Erik de Vlieger ao complexo em Silves mostrou que \u00aba maioria dos edif\u00edcios estava em estado deplor\u00e1vel. Os telhados metiam \u00e1gua, as velhas portas e janelas estavam a apodrecer. Estava tudo em muito m\u00e1s condi\u00e7\u00f5es. Mas depois entr\u00e1mos no museu. E o museu, estranhamente, no interior, est\u00e1 muito bem conservado. Fiquei muito surpreendido com isso\u00bb.\n<\/p>\n<p class=\"p1\">\u00abEnt\u00e3o, no Carvoeiro Branco e Antrix, n\u00f3s decidimos, que, como o Museu n\u00e3o estava t\u00e3o mal como tem\u00edamos, vamos encontrar os especialistas, para, em conjunto com a nossa equipa, podermos reabrir o Museu da Corti\u00e7a\u00bb. &#8230;\n<\/p>\n<p class=\"p1\">Clique no Link Acima para Ler Mais.\t\t\t\t\t\t\t\t<\/div>\n\t\t\t\t<\/div>\n\t\t\t\t\t<\/div>\n\t\t\t\t<\/div>\n\t\t<div class=\"elementor-element elementor-element-cd2fa53 animated-fast e-flex e-con-boxed elementor-invisible e-con e-parent\" data-id=\"cd2fa53\" data-element_type=\"container\" data-settings=\"{&quot;animation&quot;:&quot;h-neuron-animation--slideUp&quot;}\">\n\t\t\t\t\t<div class=\"e-con-inner\">\n\t\t<div class=\"elementor-element elementor-element-109933b e-con-full e-flex e-con e-child\" data-id=\"109933b\" data-element_type=\"container\">\n\t\t\t\t<div class=\"elementor-element elementor-element-6ee1856 elementor-widget elementor-widget-neuron-post-navigation\" data-id=\"6ee1856\" data-element_type=\"widget\" data-widget_type=\"neuron-post-navigation.default\">\n\t\t\t\t<div class=\"elementor-widget-container\">\n\t\t\t\t\t\t\t<div class=\"o-post-navigation\">\r\n\r\n\t\t\t\r\n\t\t\t\t\t\t\t<div class=\"o-post-navigation__link o-post-navigation__link--prev\" >\r\n\t\t\t\t\t<a href=\"https:\/\/antrix.pt\/pt-pt\/design-estrategia-financeira\/\" rel=\"prev\"><div class=\"o-post-navigation__icon left\">\r\n\t\t\t \r\n\t\t\t<span class=\"o-post-navigation__label\">Anterior<\/span>\r\n\t\t\t<\/div>\r\n\t\t\t<span class=\"o-post-navigation__title\">O Design como Estrat\u00e9gia Financeira<\/span><\/a>\t\t\t\t<\/div>\r\n\t\t\t\r\n\t\t\t\t\t\t\t<div class=\"o-post-navigation__link o-post-navigation__link--next\" >\r\n\t\t\t\t\t\t\t\t\t<\/div>\r\n\t\t\t\t\t<\/div>\r\n\t\t\t\t\t<\/div>\n\t\t\t\t<\/div>\n\t\t\t\t<\/div>\n\t\t\t\t\t<\/div>\n\t\t\t\t<\/div>\n\t\t\t\t<\/div>\n\t\t","protected":false},"excerpt":{"rendered":"<p>The Cork Museum in Silves will reopen on July 4th, after being closed and deteriorating for 16 long years. This assurance was given to Sul Informa\u00e7\u00e3o by Erik de Vlieger, a Dutch businessman who has lived in the Algarve for several years &#8230; <\/p>\n","protected":false},"author":4,"featured_media":10114,"comment_status":"open","ping_status":"open","sticky":false,"template":"elementor_header_footer","format":"standard","meta":{"footnotes":""},"categories":[113],"tags":[132],"class_list":["post-11246","post","type-post","status-publish","format-standard","has-post-thumbnail","hentry","category-noticias-artigos","tag-fabrica-do-ingles-pt-pt"],"yoast_head":"<!-- This site is optimized with the Yoast SEO plugin v25.0 - https:\/\/yoast.com\/wordpress\/plugins\/seo\/ -->\n<title>Museu da Corti\u00e7a de Silves vai reabrir a 4 de Julho depois de 16 anos fechado - Antrix<\/title>\n<meta name=\"robots\" content=\"index, follow, max-snippet:-1, max-image-preview:large, max-video-preview:-1\" \/>\n<link rel=\"canonical\" href=\"https:\/\/antrix.pt\/pt-pt\/museu-da-cortica-de-silves-vai-reabrir-a-4-de-julho-depois-de-16-anos-fechado\/\" \/>\n<meta property=\"og:locale\" content=\"pt_PT\" \/>\n<meta property=\"og:type\" content=\"article\" \/>\n<meta property=\"og:title\" content=\"Museu da Corti\u00e7a de Silves vai reabrir a 4 de Julho depois de 16 anos fechado - Antrix\" \/>\n<meta property=\"og:description\" content=\"The Cork Museum in Silves will reopen on July 4th, after being closed and deteriorating for 16 long years. This assurance was given to Sul Informa\u00e7\u00e3o by Erik de Vlieger, a Dutch businessman who has lived in the Algarve for several years ...\" \/>\n<meta property=\"og:url\" content=\"https:\/\/antrix.pt\/pt-pt\/museu-da-cortica-de-silves-vai-reabrir-a-4-de-julho-depois-de-16-anos-fechado\/\" \/>\n<meta property=\"og:site_name\" content=\"Antrix\" \/>\n<meta property=\"article:published_time\" content=\"2026-04-28T09:53:54+00:00\" \/>\n<meta property=\"article:modified_time\" content=\"2026-04-28T10:01:52+00:00\" \/>\n<meta property=\"og:image\" content=\"https:\/\/antrix.pt\/wp-content\/uploads\/2025\/09\/Antrix-Media-Templates-3-scaled.png\" \/>\n\t<meta property=\"og:image:width\" content=\"2500\" \/>\n\t<meta property=\"og:image:height\" content=\"1406\" \/>\n\t<meta property=\"og:image:type\" content=\"image\/png\" \/>\n<meta name=\"author\" content=\"Pedro Limbert\" \/>\n<meta name=\"twitter:card\" content=\"summary_large_image\" \/>\n<meta name=\"twitter:label1\" content=\"Escrito por\" \/>\n\t<meta name=\"twitter:data1\" content=\"Pedro Limbert\" \/>\n\t<meta name=\"twitter:label2\" content=\"Tempo estimado de leitura\" \/>\n\t<meta name=\"twitter:data2\" content=\"3 minutos\" \/>\n<script type=\"application\/ld+json\" class=\"yoast-schema-graph\">{\"@context\":\"https:\/\/schema.org\",\"@graph\":[{\"@type\":\"Article\",\"@id\":\"https:\/\/antrix.pt\/pt-pt\/museu-da-cortica-de-silves-vai-reabrir-a-4-de-julho-depois-de-16-anos-fechado\/#article\",\"isPartOf\":{\"@id\":\"https:\/\/antrix.pt\/pt-pt\/museu-da-cortica-de-silves-vai-reabrir-a-4-de-julho-depois-de-16-anos-fechado\/\"},\"author\":{\"name\":\"Pedro Limbert\",\"@id\":\"https:\/\/antrix.pt\/pt-pt\/#\/schema\/person\/1fd445dfd27972e12ec431e2b62b3588\"},\"headline\":\"Museu da Corti\u00e7a de Silves vai reabrir a 4 de Julho depois de 16 anos fechado\",\"datePublished\":\"2026-04-28T09:53:54+00:00\",\"dateModified\":\"2026-04-28T10:01:52+00:00\",\"mainEntityOfPage\":{\"@id\":\"https:\/\/antrix.pt\/pt-pt\/museu-da-cortica-de-silves-vai-reabrir-a-4-de-julho-depois-de-16-anos-fechado\/\"},\"wordCount\":627,\"commentCount\":0,\"publisher\":{\"@id\":\"https:\/\/antrix.pt\/pt-pt\/#organization\"},\"image\":{\"@id\":\"https:\/\/antrix.pt\/pt-pt\/museu-da-cortica-de-silves-vai-reabrir-a-4-de-julho-depois-de-16-anos-fechado\/#primaryimage\"},\"thumbnailUrl\":\"https:\/\/antrix.pt\/wp-content\/uploads\/2025\/09\/Antrix-Media-Templates-3-scaled.png\",\"keywords\":[\"F\u00e1brica do Ingl\u00eas\"],\"articleSection\":[\"Not\u00ed\u00adcias &amp; Artigos\"],\"inLanguage\":\"pt-PT\",\"potentialAction\":[{\"@type\":\"CommentAction\",\"name\":\"Comment\",\"target\":[\"https:\/\/antrix.pt\/pt-pt\/museu-da-cortica-de-silves-vai-reabrir-a-4-de-julho-depois-de-16-anos-fechado\/#respond\"]}]},{\"@type\":\"WebPage\",\"@id\":\"https:\/\/antrix.pt\/pt-pt\/museu-da-cortica-de-silves-vai-reabrir-a-4-de-julho-depois-de-16-anos-fechado\/\",\"url\":\"https:\/\/antrix.pt\/pt-pt\/museu-da-cortica-de-silves-vai-reabrir-a-4-de-julho-depois-de-16-anos-fechado\/\",\"name\":\"Museu da Corti\u00e7a de Silves vai reabrir a 4 de Julho depois de 16 anos fechado - Antrix\",\"isPartOf\":{\"@id\":\"https:\/\/antrix.pt\/pt-pt\/#website\"},\"primaryImageOfPage\":{\"@id\":\"https:\/\/antrix.pt\/pt-pt\/museu-da-cortica-de-silves-vai-reabrir-a-4-de-julho-depois-de-16-anos-fechado\/#primaryimage\"},\"image\":{\"@id\":\"https:\/\/antrix.pt\/pt-pt\/museu-da-cortica-de-silves-vai-reabrir-a-4-de-julho-depois-de-16-anos-fechado\/#primaryimage\"},\"thumbnailUrl\":\"https:\/\/antrix.pt\/wp-content\/uploads\/2025\/09\/Antrix-Media-Templates-3-scaled.png\",\"datePublished\":\"2026-04-28T09:53:54+00:00\",\"dateModified\":\"2026-04-28T10:01:52+00:00\",\"breadcrumb\":{\"@id\":\"https:\/\/antrix.pt\/pt-pt\/museu-da-cortica-de-silves-vai-reabrir-a-4-de-julho-depois-de-16-anos-fechado\/#breadcrumb\"},\"inLanguage\":\"pt-PT\",\"potentialAction\":[{\"@type\":\"ReadAction\",\"target\":[\"https:\/\/antrix.pt\/pt-pt\/museu-da-cortica-de-silves-vai-reabrir-a-4-de-julho-depois-de-16-anos-fechado\/\"]}]},{\"@type\":\"ImageObject\",\"inLanguage\":\"pt-PT\",\"@id\":\"https:\/\/antrix.pt\/pt-pt\/museu-da-cortica-de-silves-vai-reabrir-a-4-de-julho-depois-de-16-anos-fechado\/#primaryimage\",\"url\":\"https:\/\/antrix.pt\/wp-content\/uploads\/2025\/09\/Antrix-Media-Templates-3-scaled.png\",\"contentUrl\":\"https:\/\/antrix.pt\/wp-content\/uploads\/2025\/09\/Antrix-Media-Templates-3-scaled.png\",\"width\":2500,\"height\":1406,\"caption\":\"Two real estate developers buy F\u00e1brica do Ingl\u00eas to reopen the Cork Museum and create a boutique hotel\"},{\"@type\":\"BreadcrumbList\",\"@id\":\"https:\/\/antrix.pt\/pt-pt\/museu-da-cortica-de-silves-vai-reabrir-a-4-de-julho-depois-de-16-anos-fechado\/#breadcrumb\",\"itemListElement\":[{\"@type\":\"ListItem\",\"position\":1,\"name\":\"In\u00edcio\",\"item\":\"https:\/\/antrix.pt\/pt-pt\/home\/\"},{\"@type\":\"ListItem\",\"position\":2,\"name\":\"Museu da Corti\u00e7a de Silves vai reabrir a 4 de Julho depois de 16 anos fechado\"}]},{\"@type\":\"WebSite\",\"@id\":\"https:\/\/antrix.pt\/pt-pt\/#website\",\"url\":\"https:\/\/antrix.pt\/pt-pt\/\",\"name\":\"Antrix\",\"description\":\"DEVELOPING WITH PRECISION AND CARE\",\"publisher\":{\"@id\":\"https:\/\/antrix.pt\/pt-pt\/#organization\"},\"potentialAction\":[{\"@type\":\"SearchAction\",\"target\":{\"@type\":\"EntryPoint\",\"urlTemplate\":\"https:\/\/antrix.pt\/pt-pt\/?s={search_term_string}\"},\"query-input\":{\"@type\":\"PropertyValueSpecification\",\"valueRequired\":true,\"valueName\":\"search_term_string\"}}],\"inLanguage\":\"pt-PT\"},{\"@type\":\"Organization\",\"@id\":\"https:\/\/antrix.pt\/pt-pt\/#organization\",\"name\":\"Antrix\",\"url\":\"https:\/\/antrix.pt\/pt-pt\/\",\"logo\":{\"@type\":\"ImageObject\",\"inLanguage\":\"pt-PT\",\"@id\":\"https:\/\/antrix.pt\/pt-pt\/#\/schema\/logo\/image\/\",\"url\":\"\",\"contentUrl\":\"\",\"caption\":\"Antrix\"},\"image\":{\"@id\":\"https:\/\/antrix.pt\/pt-pt\/#\/schema\/logo\/image\/\"}},{\"@type\":\"Person\",\"@id\":\"https:\/\/antrix.pt\/pt-pt\/#\/schema\/person\/1fd445dfd27972e12ec431e2b62b3588\",\"name\":\"Pedro Limbert\",\"image\":{\"@type\":\"ImageObject\",\"inLanguage\":\"pt-PT\",\"@id\":\"https:\/\/antrix.pt\/pt-pt\/#\/schema\/person\/image\/\",\"url\":\"https:\/\/secure.gravatar.com\/avatar\/af658f1d63650100a1bae539737418e591de7baa923238b358553c27962dc571?s=96&d=mm&r=g\",\"contentUrl\":\"https:\/\/secure.gravatar.com\/avatar\/af658f1d63650100a1bae539737418e591de7baa923238b358553c27962dc571?s=96&d=mm&r=g\",\"caption\":\"Pedro Limbert\"},\"sameAs\":[\"https:\/\/antrix.pt\"],\"url\":\"https:\/\/antrix.pt\/pt-pt\/author\/pedrolimbert\/\"}]}<\/script>\n<!-- \/ Yoast SEO plugin. -->","yoast_head_json":{"title":"Museu da Corti\u00e7a de Silves vai reabrir a 4 de Julho depois de 16 anos fechado - Antrix","robots":{"index":"index","follow":"follow","max-snippet":"max-snippet:-1","max-image-preview":"max-image-preview:large","max-video-preview":"max-video-preview:-1"},"canonical":"https:\/\/antrix.pt\/pt-pt\/museu-da-cortica-de-silves-vai-reabrir-a-4-de-julho-depois-de-16-anos-fechado\/","og_locale":"pt_PT","og_type":"article","og_title":"Museu da Corti\u00e7a de Silves vai reabrir a 4 de Julho depois de 16 anos fechado - Antrix","og_description":"The Cork Museum in Silves will reopen on July 4th, after being closed and deteriorating for 16 long years. This assurance was given to Sul Informa\u00e7\u00e3o by Erik de Vlieger, a Dutch businessman who has lived in the Algarve for several years ...","og_url":"https:\/\/antrix.pt\/pt-pt\/museu-da-cortica-de-silves-vai-reabrir-a-4-de-julho-depois-de-16-anos-fechado\/","og_site_name":"Antrix","article_published_time":"2026-04-28T09:53:54+00:00","article_modified_time":"2026-04-28T10:01:52+00:00","og_image":[{"width":2500,"height":1406,"url":"https:\/\/antrix.pt\/wp-content\/uploads\/2025\/09\/Antrix-Media-Templates-3-scaled.png","type":"image\/png"}],"author":"Pedro Limbert","twitter_card":"summary_large_image","twitter_misc":{"Escrito por":"Pedro Limbert","Tempo estimado de leitura":"3 minutos"},"schema":{"@context":"https:\/\/schema.org","@graph":[{"@type":"Article","@id":"https:\/\/antrix.pt\/pt-pt\/museu-da-cortica-de-silves-vai-reabrir-a-4-de-julho-depois-de-16-anos-fechado\/#article","isPartOf":{"@id":"https:\/\/antrix.pt\/pt-pt\/museu-da-cortica-de-silves-vai-reabrir-a-4-de-julho-depois-de-16-anos-fechado\/"},"author":{"name":"Pedro Limbert","@id":"https:\/\/antrix.pt\/pt-pt\/#\/schema\/person\/1fd445dfd27972e12ec431e2b62b3588"},"headline":"Museu da Corti\u00e7a de Silves vai reabrir a 4 de Julho depois de 16 anos fechado","datePublished":"2026-04-28T09:53:54+00:00","dateModified":"2026-04-28T10:01:52+00:00","mainEntityOfPage":{"@id":"https:\/\/antrix.pt\/pt-pt\/museu-da-cortica-de-silves-vai-reabrir-a-4-de-julho-depois-de-16-anos-fechado\/"},"wordCount":627,"commentCount":0,"publisher":{"@id":"https:\/\/antrix.pt\/pt-pt\/#organization"},"image":{"@id":"https:\/\/antrix.pt\/pt-pt\/museu-da-cortica-de-silves-vai-reabrir-a-4-de-julho-depois-de-16-anos-fechado\/#primaryimage"},"thumbnailUrl":"https:\/\/antrix.pt\/wp-content\/uploads\/2025\/09\/Antrix-Media-Templates-3-scaled.png","keywords":["F\u00e1brica do Ingl\u00eas"],"articleSection":["Not\u00ed\u00adcias &amp; Artigos"],"inLanguage":"pt-PT","potentialAction":[{"@type":"CommentAction","name":"Comment","target":["https:\/\/antrix.pt\/pt-pt\/museu-da-cortica-de-silves-vai-reabrir-a-4-de-julho-depois-de-16-anos-fechado\/#respond"]}]},{"@type":"WebPage","@id":"https:\/\/antrix.pt\/pt-pt\/museu-da-cortica-de-silves-vai-reabrir-a-4-de-julho-depois-de-16-anos-fechado\/","url":"https:\/\/antrix.pt\/pt-pt\/museu-da-cortica-de-silves-vai-reabrir-a-4-de-julho-depois-de-16-anos-fechado\/","name":"Museu da Corti\u00e7a de Silves vai reabrir a 4 de Julho depois de 16 anos fechado - Antrix","isPartOf":{"@id":"https:\/\/antrix.pt\/pt-pt\/#website"},"primaryImageOfPage":{"@id":"https:\/\/antrix.pt\/pt-pt\/museu-da-cortica-de-silves-vai-reabrir-a-4-de-julho-depois-de-16-anos-fechado\/#primaryimage"},"image":{"@id":"https:\/\/antrix.pt\/pt-pt\/museu-da-cortica-de-silves-vai-reabrir-a-4-de-julho-depois-de-16-anos-fechado\/#primaryimage"},"thumbnailUrl":"https:\/\/antrix.pt\/wp-content\/uploads\/2025\/09\/Antrix-Media-Templates-3-scaled.png","datePublished":"2026-04-28T09:53:54+00:00","dateModified":"2026-04-28T10:01:52+00:00","breadcrumb":{"@id":"https:\/\/antrix.pt\/pt-pt\/museu-da-cortica-de-silves-vai-reabrir-a-4-de-julho-depois-de-16-anos-fechado\/#breadcrumb"},"inLanguage":"pt-PT","potentialAction":[{"@type":"ReadAction","target":["https:\/\/antrix.pt\/pt-pt\/museu-da-cortica-de-silves-vai-reabrir-a-4-de-julho-depois-de-16-anos-fechado\/"]}]},{"@type":"ImageObject","inLanguage":"pt-PT","@id":"https:\/\/antrix.pt\/pt-pt\/museu-da-cortica-de-silves-vai-reabrir-a-4-de-julho-depois-de-16-anos-fechado\/#primaryimage","url":"https:\/\/antrix.pt\/wp-content\/uploads\/2025\/09\/Antrix-Media-Templates-3-scaled.png","contentUrl":"https:\/\/antrix.pt\/wp-content\/uploads\/2025\/09\/Antrix-Media-Templates-3-scaled.png","width":2500,"height":1406,"caption":"Two real estate developers buy F\u00e1brica do Ingl\u00eas to reopen the Cork Museum and create a boutique hotel"},{"@type":"BreadcrumbList","@id":"https:\/\/antrix.pt\/pt-pt\/museu-da-cortica-de-silves-vai-reabrir-a-4-de-julho-depois-de-16-anos-fechado\/#breadcrumb","itemListElement":[{"@type":"ListItem","position":1,"name":"In\u00edcio","item":"https:\/\/antrix.pt\/pt-pt\/home\/"},{"@type":"ListItem","position":2,"name":"Museu da Corti\u00e7a de Silves vai reabrir a 4 de Julho depois de 16 anos fechado"}]},{"@type":"WebSite","@id":"https:\/\/antrix.pt\/pt-pt\/#website","url":"https:\/\/antrix.pt\/pt-pt\/","name":"Antrix","description":"DEVELOPING WITH PRECISION AND CARE","publisher":{"@id":"https:\/\/antrix.pt\/pt-pt\/#organization"},"potentialAction":[{"@type":"SearchAction","target":{"@type":"EntryPoint","urlTemplate":"https:\/\/antrix.pt\/pt-pt\/?s={search_term_string}"},"query-input":{"@type":"PropertyValueSpecification","valueRequired":true,"valueName":"search_term_string"}}],"inLanguage":"pt-PT"},{"@type":"Organization","@id":"https:\/\/antrix.pt\/pt-pt\/#organization","name":"Antrix","url":"https:\/\/antrix.pt\/pt-pt\/","logo":{"@type":"ImageObject","inLanguage":"pt-PT","@id":"https:\/\/antrix.pt\/pt-pt\/#\/schema\/logo\/image\/","url":"","contentUrl":"","caption":"Antrix"},"image":{"@id":"https:\/\/antrix.pt\/pt-pt\/#\/schema\/logo\/image\/"}},{"@type":"Person","@id":"https:\/\/antrix.pt\/pt-pt\/#\/schema\/person\/1fd445dfd27972e12ec431e2b62b3588","name":"Pedro Limbert","image":{"@type":"ImageObject","inLanguage":"pt-PT","@id":"https:\/\/antrix.pt\/pt-pt\/#\/schema\/person\/image\/","url":"https:\/\/secure.gravatar.com\/avatar\/af658f1d63650100a1bae539737418e591de7baa923238b358553c27962dc571?s=96&d=mm&r=g","contentUrl":"https:\/\/secure.gravatar.com\/avatar\/af658f1d63650100a1bae539737418e591de7baa923238b358553c27962dc571?s=96&d=mm&r=g","caption":"Pedro Limbert"},"sameAs":["https:\/\/antrix.pt"],"url":"https:\/\/antrix.pt\/pt-pt\/author\/pedrolimbert\/"}]}},"_links":{"self":[{"href":"https:\/\/antrix.pt\/pt-pt\/wp-json\/wp\/v2\/posts\/11246","targetHints":{"allow":["GET"]}}],"collection":[{"href":"https:\/\/antrix.pt\/pt-pt\/wp-json\/wp\/v2\/posts"}],"about":[{"href":"https:\/\/antrix.pt\/pt-pt\/wp-json\/wp\/v2\/types\/post"}],"author":[{"embeddable":true,"href":"https:\/\/antrix.pt\/pt-pt\/wp-json\/wp\/v2\/users\/4"}],"replies":[{"embeddable":true,"href":"https:\/\/antrix.pt\/pt-pt\/wp-json\/wp\/v2\/comments?post=11246"}],"version-history":[{"count":1,"href":"https:\/\/antrix.pt\/pt-pt\/wp-json\/wp\/v2\/posts\/11246\/revisions"}],"predecessor-version":[{"id":11247,"href":"https:\/\/antrix.pt\/pt-pt\/wp-json\/wp\/v2\/posts\/11246\/revisions\/11247"}],"wp:featuredmedia":[{"embeddable":true,"href":"https:\/\/antrix.pt\/pt-pt\/wp-json\/wp\/v2\/media\/10114"}],"wp:attachment":[{"href":"https:\/\/antrix.pt\/pt-pt\/wp-json\/wp\/v2\/media?parent=11246"}],"wp:term":[{"taxonomy":"category","embeddable":true,"href":"https:\/\/antrix.pt\/pt-pt\/wp-json\/wp\/v2\/categories?post=11246"},{"taxonomy":"post_tag","embeddable":true,"href":"https:\/\/antrix.pt\/pt-pt\/wp-json\/wp\/v2\/tags?post=11246"}],"curies":[{"name":"wp","href":"https:\/\/api.w.org\/{rel}","templated":true}]}}