{"id":10359,"date":"2025-11-28T11:38:46","date_gmt":"2025-11-28T11:38:46","guid":{"rendered":"https:\/\/antrix.pt\/antrix-e-carvoeiro-branco-anunciam-a-compra-de-nova-fabrica-de-cortica-em-silves\/"},"modified":"2025-11-28T11:58:15","modified_gmt":"2025-11-28T11:58:15","slug":"antrix-e-carvoeiro-branco-anunciam-a-compra-de-nova-fabrica-de-cortica-em-silves","status":"publish","type":"post","link":"https:\/\/antrix.pt\/pt-pt\/antrix-e-carvoeiro-branco-anunciam-a-compra-de-nova-fabrica-de-cortica-em-silves\/","title":{"rendered":"Antrix e Carvoeiro Branco Anunciam a Compra de Nova F\u00e1brica de Corti\u00e7a, em Silves"},"content":{"rendered":"\t\t<div data-elementor-type=\"wp-post\" data-elementor-id=\"10359\" class=\"elementor elementor-10359 elementor-10349\" data-elementor-post-type=\"post\">\n\t\t\t\t<div class=\"elementor-element elementor-element-e171361 animated-fast e-flex e-con-boxed elementor-invisible e-con e-parent\" data-id=\"e171361\" data-element_type=\"container\" data-settings=\"{&quot;background_background&quot;:&quot;classic&quot;,&quot;animation&quot;:&quot;h-neuron-animation--slideUp&quot;}\">\n\t\t\t\t\t<div class=\"e-con-inner\">\n\t\t<div class=\"elementor-element elementor-element-7da5131 e-con-full e-flex e-con e-child\" data-id=\"7da5131\" data-element_type=\"container\">\n\t\t\t\t<div class=\"elementor-element elementor-element-7640e65 elementor-widget elementor-widget-heading\" data-id=\"7640e65\" data-element_type=\"widget\" data-widget_type=\"heading.default\">\n\t\t\t\t<div class=\"elementor-widget-container\">\n\t\t\t\t\t<span class=\"elementor-heading-title elementor-size-default\">28 Novembro 2025<\/span>\t\t\t\t<\/div>\n\t\t\t\t<\/div>\n\t\t\t\t<div class=\"elementor-element elementor-element-c1392d6 elementor-widget elementor-widget-heading\" data-id=\"c1392d6\" data-element_type=\"widget\" data-widget_type=\"heading.default\">\n\t\t\t\t<div class=\"elementor-widget-container\">\n\t\t\t\t\t<span class=\"elementor-heading-title elementor-size-default\"><a href=\"https:\/\/antrix.pt\/pt-pt\/tag\/fabrica-do-ingles-pt-pt\/\" rel=\"tag\">F\u00e1brica do Ingl\u00eas<\/a><\/span>\t\t\t\t<\/div>\n\t\t\t\t<\/div>\n\t\t\t\t<\/div>\n\t\t\t\t<div class=\"elementor-element elementor-element-8b88963 elementor-widget elementor-widget-neuron-post-title elementor-page-title elementor-widget-heading\" data-id=\"8b88963\" data-element_type=\"widget\" data-widget_type=\"neuron-post-title.default\">\n\t\t\t\t<div class=\"elementor-widget-container\">\n\t\t\t\t\t<h3 class=\"elementor-heading-title elementor-size-default\">Antrix e Carvoeiro Branco Anunciam a Compra de Nova F\u00e1brica de Corti\u00e7a, em Silves<\/h3>\t\t\t\t<\/div>\n\t\t\t\t<\/div>\n\t\t\t\t\t<\/div>\n\t\t\t\t<\/div>\n\t\t<div class=\"elementor-element elementor-element-1b76ddc animated-fast e-flex e-con-boxed elementor-invisible e-con e-parent\" data-id=\"1b76ddc\" data-element_type=\"container\" data-settings=\"{&quot;animation&quot;:&quot;h-neuron-animation--slideUp&quot;}\">\n\t\t\t\t\t<div class=\"e-con-inner\">\n\t\t\t\t<div class=\"elementor-element elementor-element-fe49ccd elementor-widget elementor-widget-text-editor\" data-id=\"fe49ccd\" data-element_type=\"widget\" data-widget_type=\"text-editor.default\">\n\t\t\t\t<div class=\"elementor-widget-container\">\n\t\t\t\t\t\t\t\t\t<h5><span class=\"OYPEnA font-feature-liga-off font-feature-clig-off font-feature-calt-off text-decoration-none text-strikethrough-none\">Antrix e Carvoeiro Branco Anunciam a Compra de Nova F\u00e1brica de Corti\u00e7a, em Silves<\/span><\/h5>\nA ANTRIX e a Carvoeiro Branco, promotoras imobili\u00e1rias sediadas no Algarve, anunciaram a aquisi\u00e7\u00e3o de uma segunda antiga f\u00e1brica de corti\u00e7a na cidade de Silves &#8211; a F\u00e1brica Bento Augusto Monteiro &#8211; refor\u00e7ando a sua presen\u00e7a na cidade e aprofundando o compromisso com a requalifica\u00e7\u00e3o do centro urbano e com a valoriza\u00e7\u00e3o do patrim\u00f3nio industrial local.<\/p>\n<p class=\"p1\">\nEste novo investimento surge na continuidade do trabalho iniciado com a aquisi\u00e7\u00e3o da emblem\u00e1tica F\u00e1brica do Ingl\u00eas e faz parte de uma estrat\u00e9gia mais ampla de regenera\u00e7\u00e3o urbana, com foco na recupera\u00e7\u00e3o de im\u00f3veis com elevado valor hist\u00f3rico e simb\u00f3lico para a regi\u00e3o.<\/p>\n<p class=\"p1\">\n\u201cAcreditamos que Silves tem um papel essencial na hist\u00f3ria do Algarve e no seu futuro. Investir em patrim\u00f3nio \u00e9 tamb\u00e9m investir em identidade, prop\u00f3sito e legado\u201d, afirma Erik de Vlieger, CEO da ANTRIX e da Carvoeiro Branco.<\/p>\n<p class=\"p1\">\nO edif\u00edcio agora adquirido \u00e9 mais um testemunho da import\u00e2ncia hist\u00f3rica da ind\u00fastria corticeira em Silves e apresenta um enorme potencial de transforma\u00e7\u00e3o, quer ao n\u00edvel urban\u00edstico, quer em termos de uso p\u00fablico e comunit\u00e1rio.<\/p>\n<p class=\"p1\">\nO projeto espec\u00edfico para esta unidade encontra-se em fase de levantamento t\u00e9cnico e ser\u00e1 apresentado numa fase posterior. As promotoras refor\u00e7am, no entanto, a inten\u00e7\u00e3o de dar continuidade a uma abordagem sens\u00edvel, respeitadora da hist\u00f3ria do local e alinhada com as necessidades contempor\u00e2neas da cidade, nomeadamente atrav\u00e9s de um projeto de residencial de habita\u00e7\u00e3o, que tanta falta faz na zona do Algarve. <\/p>\n<p class=\"p1\">\nSobre a Antrix<br>A Antrix \u00e9 uma promotora imobili\u00e1ria com capital internacional, com foco no desenvolvimento de projetos residenciais, tur\u00edsticos e de lazer com uma vis\u00e3o de longo prazo. Com os primeiros projetos a nascer no Algarve, prepara tamb\u00e9m a expans\u00e3o para outras regi\u00f5es estrat\u00e9gicas como Lisboa, Set\u00fabal, Montijo e o sudoeste de Espanha. <\/p>\n<p class=\"p1\">\nSobre a Carvoeiro Branco<br>Com quase duas d\u00e9cadas de experi\u00eancia, a Carvoeiro Branco \u00e9 uma promotora imobili\u00e1ria sediada no Algarve, onde det\u00e9m atualmente 25 posi\u00e7\u00f5es de desenvolvimento, especializada no desenvolvimento de projetos residenciais e tur\u00edsticos de elevada qualidade. Com uma abordagem centrada na valoriza\u00e7\u00e3o do territ\u00f3rio e na recupera\u00e7\u00e3o de oportunidades esquecidas, a empresa tem contribu\u00eddo para a regenera\u00e7\u00e3o urbana e o crescimento sustentado da regi\u00e3o algarvia. \t\t\t\t\t\t\t\t<\/div>\n\t\t\t\t<\/div>\n\t\t\t\t\t<\/div>\n\t\t\t\t<\/div>\n\t\t<div class=\"elementor-element elementor-element-cd2fa53 animated-fast e-flex e-con-boxed elementor-invisible e-con e-parent\" data-id=\"cd2fa53\" data-element_type=\"container\" data-settings=\"{&quot;animation&quot;:&quot;h-neuron-animation--slideUp&quot;}\">\n\t\t\t\t\t<div class=\"e-con-inner\">\n\t\t<div class=\"elementor-element elementor-element-109933b e-con-full e-flex e-con e-child\" data-id=\"109933b\" data-element_type=\"container\">\n\t\t\t\t<div class=\"elementor-element elementor-element-6ee1856 elementor-widget elementor-widget-neuron-post-navigation\" data-id=\"6ee1856\" data-element_type=\"widget\" data-widget_type=\"neuron-post-navigation.default\">\n\t\t\t\t<div class=\"elementor-widget-container\">\n\t\t\t\t\t\t\t<div class=\"o-post-navigation\">\r\n\r\n\t\t\t\r\n\t\t\t\t\t\t\t<div class=\"o-post-navigation__link o-post-navigation__link--prev\" >\r\n\t\t\t\t\t<a href=\"https:\/\/antrix.pt\/pt-pt\/requalificacao-fabrica-do-ingles-silves\/\" rel=\"prev\"><div class=\"o-post-navigation__icon left\">\r\n\t\t\t \r\n\t\t\t<span class=\"o-post-navigation__label\">Anterior<\/span>\r\n\t\t\t<\/div>\r\n\t\t\t<span class=\"o-post-navigation__title\">Do Passado \u00e0 Vanguarda: como o projeto F\u00e1brica do Ingl\u00eas em Silves revive uma hist\u00f3ria industrial<\/span><\/a>\t\t\t\t<\/div>\r\n\t\t\t\r\n\t\t\t\t\t\t\t<div class=\"o-post-navigation__link o-post-navigation__link--next\" >\r\n\t\t\t\t\t<a href=\"https:\/\/antrix.pt\/pt-pt\/um-dia-sem-stress-o-que-o-algarve-nos-ensina\/\" rel=\"next\"><div class=\"o-post-navigation__icon right\">\r\n\t\t\t<span class=\"o-post-navigation__label\">Pr\u00f3ximo<\/span> \r\n\t\t\t<\/div>\r\n\t\t\t<span class=\"o-post-navigation__title\">Um dia sem stress: o que o Algarve nos ensina<\/span><\/a>\t\t\t\t<\/div>\r\n\t\t\t\t\t<\/div>\r\n\t\t\t\t\t<\/div>\n\t\t\t\t<\/div>\n\t\t\t\t<\/div>\n\t\t\t\t\t<\/div>\n\t\t\t\t<\/div>\n\t\t\t\t<\/div>\n\t\t","protected":false},"excerpt":{"rendered":"<p>A ANTRIX e a Carvoeiro Branco, promotoras imobili\u00e1rias sediadas no Algarve, anunciaram a aquisi\u00e7\u00e3o de uma segunda antiga f\u00e1brica de corti\u00e7a na cidade de Silves &#8211; a F\u00e1brica Bento Augusto Monteiro &#8230;<\/p>\n","protected":false},"author":4,"featured_media":10351,"comment_status":"open","ping_status":"open","sticky":false,"template":"elementor_header_footer","format":"standard","meta":{"footnotes":""},"categories":[130],"tags":[132],"class_list":["post-10359","post","type-post","status-publish","format-standard","has-post-thumbnail","hentry","category-comunicados-de-imprensa","tag-fabrica-do-ingles-pt-pt"],"yoast_head":"<!-- This site is optimized with the Yoast SEO plugin v25.0 - https:\/\/yoast.com\/wordpress\/plugins\/seo\/ -->\n<title>Antrix e Carvoeiro Branco Anunciam a Compra de Nova F\u00e1brica de Corti\u00e7a, em Silves - Antrix<\/title>\n<meta name=\"robots\" content=\"index, follow, max-snippet:-1, max-image-preview:large, max-video-preview:-1\" \/>\n<link rel=\"canonical\" href=\"https:\/\/antrix.pt\/pt-pt\/antrix-e-carvoeiro-branco-anunciam-a-compra-de-nova-fabrica-de-cortica-em-silves\/\" \/>\n<meta property=\"og:locale\" content=\"pt_PT\" \/>\n<meta property=\"og:type\" content=\"article\" \/>\n<meta property=\"og:title\" content=\"Antrix e Carvoeiro Branco Anunciam a Compra de Nova F\u00e1brica de Corti\u00e7a, em Silves - Antrix\" \/>\n<meta property=\"og:description\" content=\"A ANTRIX e a Carvoeiro Branco, promotoras imobili\u00e1rias sediadas no Algarve, anunciaram a aquisi\u00e7\u00e3o de uma segunda antiga f\u00e1brica de corti\u00e7a na cidade de Silves - a F\u00e1brica Bento Augusto Monteiro ...\" \/>\n<meta property=\"og:url\" content=\"https:\/\/antrix.pt\/pt-pt\/antrix-e-carvoeiro-branco-anunciam-a-compra-de-nova-fabrica-de-cortica-em-silves\/\" \/>\n<meta property=\"og:site_name\" content=\"Antrix\" \/>\n<meta property=\"article:published_time\" content=\"2025-11-28T11:38:46+00:00\" \/>\n<meta property=\"article:modified_time\" content=\"2025-11-28T11:58:15+00:00\" \/>\n<meta property=\"og:image\" content=\"https:\/\/antrix.pt\/wp-content\/uploads\/2025\/11\/image-scaled.png\" \/>\n\t<meta property=\"og:image:width\" content=\"2500\" \/>\n\t<meta property=\"og:image:height\" content=\"1214\" \/>\n\t<meta property=\"og:image:type\" content=\"image\/png\" \/>\n<meta name=\"author\" content=\"Pedro Limbert\" \/>\n<meta name=\"twitter:card\" content=\"summary_large_image\" \/>\n<meta name=\"twitter:label1\" content=\"Escrito por\" \/>\n\t<meta name=\"twitter:data1\" content=\"Pedro Limbert\" \/>\n\t<meta name=\"twitter:label2\" content=\"Tempo estimado de leitura\" \/>\n\t<meta name=\"twitter:data2\" content=\"2 minutos\" \/>\n<script type=\"application\/ld+json\" class=\"yoast-schema-graph\">{\"@context\":\"https:\/\/schema.org\",\"@graph\":[{\"@type\":\"Article\",\"@id\":\"https:\/\/antrix.pt\/pt-pt\/antrix-e-carvoeiro-branco-anunciam-a-compra-de-nova-fabrica-de-cortica-em-silves\/#article\",\"isPartOf\":{\"@id\":\"https:\/\/antrix.pt\/pt-pt\/antrix-e-carvoeiro-branco-anunciam-a-compra-de-nova-fabrica-de-cortica-em-silves\/\"},\"author\":{\"name\":\"Pedro Limbert\",\"@id\":\"https:\/\/antrix.pt\/pt-pt\/#\/schema\/person\/1fd445dfd27972e12ec431e2b62b3588\"},\"headline\":\"Antrix e Carvoeiro Branco Anunciam a Compra de Nova F\u00e1brica de Corti\u00e7a, em Silves\",\"datePublished\":\"2025-11-28T11:38:46+00:00\",\"dateModified\":\"2025-11-28T11:58:15+00:00\",\"mainEntityOfPage\":{\"@id\":\"https:\/\/antrix.pt\/pt-pt\/antrix-e-carvoeiro-branco-anunciam-a-compra-de-nova-fabrica-de-cortica-em-silves\/\"},\"wordCount\":442,\"commentCount\":0,\"publisher\":{\"@id\":\"https:\/\/antrix.pt\/pt-pt\/#organization\"},\"image\":{\"@id\":\"https:\/\/antrix.pt\/pt-pt\/antrix-e-carvoeiro-branco-anunciam-a-compra-de-nova-fabrica-de-cortica-em-silves\/#primaryimage\"},\"thumbnailUrl\":\"https:\/\/antrix.pt\/wp-content\/uploads\/2025\/11\/image-scaled.png\",\"keywords\":[\"F\u00e1brica do Ingl\u00eas\"],\"articleSection\":[\"Comunicados de Imprensa\"],\"inLanguage\":\"pt-PT\",\"potentialAction\":[{\"@type\":\"CommentAction\",\"name\":\"Comment\",\"target\":[\"https:\/\/antrix.pt\/pt-pt\/antrix-e-carvoeiro-branco-anunciam-a-compra-de-nova-fabrica-de-cortica-em-silves\/#respond\"]}]},{\"@type\":\"WebPage\",\"@id\":\"https:\/\/antrix.pt\/pt-pt\/antrix-e-carvoeiro-branco-anunciam-a-compra-de-nova-fabrica-de-cortica-em-silves\/\",\"url\":\"https:\/\/antrix.pt\/pt-pt\/antrix-e-carvoeiro-branco-anunciam-a-compra-de-nova-fabrica-de-cortica-em-silves\/\",\"name\":\"Antrix e Carvoeiro Branco Anunciam a Compra de Nova F\u00e1brica de Corti\u00e7a, em Silves - Antrix\",\"isPartOf\":{\"@id\":\"https:\/\/antrix.pt\/pt-pt\/#website\"},\"primaryImageOfPage\":{\"@id\":\"https:\/\/antrix.pt\/pt-pt\/antrix-e-carvoeiro-branco-anunciam-a-compra-de-nova-fabrica-de-cortica-em-silves\/#primaryimage\"},\"image\":{\"@id\":\"https:\/\/antrix.pt\/pt-pt\/antrix-e-carvoeiro-branco-anunciam-a-compra-de-nova-fabrica-de-cortica-em-silves\/#primaryimage\"},\"thumbnailUrl\":\"https:\/\/antrix.pt\/wp-content\/uploads\/2025\/11\/image-scaled.png\",\"datePublished\":\"2025-11-28T11:38:46+00:00\",\"dateModified\":\"2025-11-28T11:58:15+00:00\",\"breadcrumb\":{\"@id\":\"https:\/\/antrix.pt\/pt-pt\/antrix-e-carvoeiro-branco-anunciam-a-compra-de-nova-fabrica-de-cortica-em-silves\/#breadcrumb\"},\"inLanguage\":\"pt-PT\",\"potentialAction\":[{\"@type\":\"ReadAction\",\"target\":[\"https:\/\/antrix.pt\/pt-pt\/antrix-e-carvoeiro-branco-anunciam-a-compra-de-nova-fabrica-de-cortica-em-silves\/\"]}]},{\"@type\":\"ImageObject\",\"inLanguage\":\"pt-PT\",\"@id\":\"https:\/\/antrix.pt\/pt-pt\/antrix-e-carvoeiro-branco-anunciam-a-compra-de-nova-fabrica-de-cortica-em-silves\/#primaryimage\",\"url\":\"https:\/\/antrix.pt\/wp-content\/uploads\/2025\/11\/image-scaled.png\",\"contentUrl\":\"https:\/\/antrix.pt\/wp-content\/uploads\/2025\/11\/image-scaled.png\",\"width\":2500,\"height\":1214,\"caption\":\"Silves\"},{\"@type\":\"BreadcrumbList\",\"@id\":\"https:\/\/antrix.pt\/pt-pt\/antrix-e-carvoeiro-branco-anunciam-a-compra-de-nova-fabrica-de-cortica-em-silves\/#breadcrumb\",\"itemListElement\":[{\"@type\":\"ListItem\",\"position\":1,\"name\":\"In\u00edcio\",\"item\":\"https:\/\/antrix.pt\/pt-pt\/home\/\"},{\"@type\":\"ListItem\",\"position\":2,\"name\":\"Antrix e Carvoeiro Branco Anunciam a Compra de Nova F\u00e1brica de Corti\u00e7a, em Silves\"}]},{\"@type\":\"WebSite\",\"@id\":\"https:\/\/antrix.pt\/pt-pt\/#website\",\"url\":\"https:\/\/antrix.pt\/pt-pt\/\",\"name\":\"Antrix\",\"description\":\"DEVELOPING WITH PRECISION AND CARE\",\"publisher\":{\"@id\":\"https:\/\/antrix.pt\/pt-pt\/#organization\"},\"potentialAction\":[{\"@type\":\"SearchAction\",\"target\":{\"@type\":\"EntryPoint\",\"urlTemplate\":\"https:\/\/antrix.pt\/pt-pt\/?s={search_term_string}\"},\"query-input\":{\"@type\":\"PropertyValueSpecification\",\"valueRequired\":true,\"valueName\":\"search_term_string\"}}],\"inLanguage\":\"pt-PT\"},{\"@type\":\"Organization\",\"@id\":\"https:\/\/antrix.pt\/pt-pt\/#organization\",\"name\":\"Antrix\",\"url\":\"https:\/\/antrix.pt\/pt-pt\/\",\"logo\":{\"@type\":\"ImageObject\",\"inLanguage\":\"pt-PT\",\"@id\":\"https:\/\/antrix.pt\/pt-pt\/#\/schema\/logo\/image\/\",\"url\":\"\",\"contentUrl\":\"\",\"caption\":\"Antrix\"},\"image\":{\"@id\":\"https:\/\/antrix.pt\/pt-pt\/#\/schema\/logo\/image\/\"}},{\"@type\":\"Person\",\"@id\":\"https:\/\/antrix.pt\/pt-pt\/#\/schema\/person\/1fd445dfd27972e12ec431e2b62b3588\",\"name\":\"Pedro Limbert\",\"image\":{\"@type\":\"ImageObject\",\"inLanguage\":\"pt-PT\",\"@id\":\"https:\/\/antrix.pt\/pt-pt\/#\/schema\/person\/image\/\",\"url\":\"https:\/\/secure.gravatar.com\/avatar\/af658f1d63650100a1bae539737418e591de7baa923238b358553c27962dc571?s=96&d=mm&r=g\",\"contentUrl\":\"https:\/\/secure.gravatar.com\/avatar\/af658f1d63650100a1bae539737418e591de7baa923238b358553c27962dc571?s=96&d=mm&r=g\",\"caption\":\"Pedro Limbert\"},\"sameAs\":[\"https:\/\/antrix.pt\"],\"url\":\"https:\/\/antrix.pt\/pt-pt\/author\/pedrolimbert\/\"}]}<\/script>\n<!-- \/ Yoast SEO plugin. -->","yoast_head_json":{"title":"Antrix e Carvoeiro Branco Anunciam a Compra de Nova F\u00e1brica de Corti\u00e7a, em Silves - Antrix","robots":{"index":"index","follow":"follow","max-snippet":"max-snippet:-1","max-image-preview":"max-image-preview:large","max-video-preview":"max-video-preview:-1"},"canonical":"https:\/\/antrix.pt\/pt-pt\/antrix-e-carvoeiro-branco-anunciam-a-compra-de-nova-fabrica-de-cortica-em-silves\/","og_locale":"pt_PT","og_type":"article","og_title":"Antrix e Carvoeiro Branco Anunciam a Compra de Nova F\u00e1brica de Corti\u00e7a, em Silves - Antrix","og_description":"A ANTRIX e a Carvoeiro Branco, promotoras imobili\u00e1rias sediadas no Algarve, anunciaram a aquisi\u00e7\u00e3o de uma segunda antiga f\u00e1brica de corti\u00e7a na cidade de Silves - a F\u00e1brica Bento Augusto Monteiro ...","og_url":"https:\/\/antrix.pt\/pt-pt\/antrix-e-carvoeiro-branco-anunciam-a-compra-de-nova-fabrica-de-cortica-em-silves\/","og_site_name":"Antrix","article_published_time":"2025-11-28T11:38:46+00:00","article_modified_time":"2025-11-28T11:58:15+00:00","og_image":[{"width":2500,"height":1214,"url":"https:\/\/antrix.pt\/wp-content\/uploads\/2025\/11\/image-scaled.png","type":"image\/png"}],"author":"Pedro Limbert","twitter_card":"summary_large_image","twitter_misc":{"Escrito por":"Pedro Limbert","Tempo estimado de leitura":"2 minutos"},"schema":{"@context":"https:\/\/schema.org","@graph":[{"@type":"Article","@id":"https:\/\/antrix.pt\/pt-pt\/antrix-e-carvoeiro-branco-anunciam-a-compra-de-nova-fabrica-de-cortica-em-silves\/#article","isPartOf":{"@id":"https:\/\/antrix.pt\/pt-pt\/antrix-e-carvoeiro-branco-anunciam-a-compra-de-nova-fabrica-de-cortica-em-silves\/"},"author":{"name":"Pedro Limbert","@id":"https:\/\/antrix.pt\/pt-pt\/#\/schema\/person\/1fd445dfd27972e12ec431e2b62b3588"},"headline":"Antrix e Carvoeiro Branco Anunciam a Compra de Nova F\u00e1brica de Corti\u00e7a, em Silves","datePublished":"2025-11-28T11:38:46+00:00","dateModified":"2025-11-28T11:58:15+00:00","mainEntityOfPage":{"@id":"https:\/\/antrix.pt\/pt-pt\/antrix-e-carvoeiro-branco-anunciam-a-compra-de-nova-fabrica-de-cortica-em-silves\/"},"wordCount":442,"commentCount":0,"publisher":{"@id":"https:\/\/antrix.pt\/pt-pt\/#organization"},"image":{"@id":"https:\/\/antrix.pt\/pt-pt\/antrix-e-carvoeiro-branco-anunciam-a-compra-de-nova-fabrica-de-cortica-em-silves\/#primaryimage"},"thumbnailUrl":"https:\/\/antrix.pt\/wp-content\/uploads\/2025\/11\/image-scaled.png","keywords":["F\u00e1brica do Ingl\u00eas"],"articleSection":["Comunicados de Imprensa"],"inLanguage":"pt-PT","potentialAction":[{"@type":"CommentAction","name":"Comment","target":["https:\/\/antrix.pt\/pt-pt\/antrix-e-carvoeiro-branco-anunciam-a-compra-de-nova-fabrica-de-cortica-em-silves\/#respond"]}]},{"@type":"WebPage","@id":"https:\/\/antrix.pt\/pt-pt\/antrix-e-carvoeiro-branco-anunciam-a-compra-de-nova-fabrica-de-cortica-em-silves\/","url":"https:\/\/antrix.pt\/pt-pt\/antrix-e-carvoeiro-branco-anunciam-a-compra-de-nova-fabrica-de-cortica-em-silves\/","name":"Antrix e Carvoeiro Branco Anunciam a Compra de Nova F\u00e1brica de Corti\u00e7a, em Silves - Antrix","isPartOf":{"@id":"https:\/\/antrix.pt\/pt-pt\/#website"},"primaryImageOfPage":{"@id":"https:\/\/antrix.pt\/pt-pt\/antrix-e-carvoeiro-branco-anunciam-a-compra-de-nova-fabrica-de-cortica-em-silves\/#primaryimage"},"image":{"@id":"https:\/\/antrix.pt\/pt-pt\/antrix-e-carvoeiro-branco-anunciam-a-compra-de-nova-fabrica-de-cortica-em-silves\/#primaryimage"},"thumbnailUrl":"https:\/\/antrix.pt\/wp-content\/uploads\/2025\/11\/image-scaled.png","datePublished":"2025-11-28T11:38:46+00:00","dateModified":"2025-11-28T11:58:15+00:00","breadcrumb":{"@id":"https:\/\/antrix.pt\/pt-pt\/antrix-e-carvoeiro-branco-anunciam-a-compra-de-nova-fabrica-de-cortica-em-silves\/#breadcrumb"},"inLanguage":"pt-PT","potentialAction":[{"@type":"ReadAction","target":["https:\/\/antrix.pt\/pt-pt\/antrix-e-carvoeiro-branco-anunciam-a-compra-de-nova-fabrica-de-cortica-em-silves\/"]}]},{"@type":"ImageObject","inLanguage":"pt-PT","@id":"https:\/\/antrix.pt\/pt-pt\/antrix-e-carvoeiro-branco-anunciam-a-compra-de-nova-fabrica-de-cortica-em-silves\/#primaryimage","url":"https:\/\/antrix.pt\/wp-content\/uploads\/2025\/11\/image-scaled.png","contentUrl":"https:\/\/antrix.pt\/wp-content\/uploads\/2025\/11\/image-scaled.png","width":2500,"height":1214,"caption":"Silves"},{"@type":"BreadcrumbList","@id":"https:\/\/antrix.pt\/pt-pt\/antrix-e-carvoeiro-branco-anunciam-a-compra-de-nova-fabrica-de-cortica-em-silves\/#breadcrumb","itemListElement":[{"@type":"ListItem","position":1,"name":"In\u00edcio","item":"https:\/\/antrix.pt\/pt-pt\/home\/"},{"@type":"ListItem","position":2,"name":"Antrix e Carvoeiro Branco Anunciam a Compra de Nova F\u00e1brica de Corti\u00e7a, em Silves"}]},{"@type":"WebSite","@id":"https:\/\/antrix.pt\/pt-pt\/#website","url":"https:\/\/antrix.pt\/pt-pt\/","name":"Antrix","description":"DEVELOPING WITH PRECISION AND CARE","publisher":{"@id":"https:\/\/antrix.pt\/pt-pt\/#organization"},"potentialAction":[{"@type":"SearchAction","target":{"@type":"EntryPoint","urlTemplate":"https:\/\/antrix.pt\/pt-pt\/?s={search_term_string}"},"query-input":{"@type":"PropertyValueSpecification","valueRequired":true,"valueName":"search_term_string"}}],"inLanguage":"pt-PT"},{"@type":"Organization","@id":"https:\/\/antrix.pt\/pt-pt\/#organization","name":"Antrix","url":"https:\/\/antrix.pt\/pt-pt\/","logo":{"@type":"ImageObject","inLanguage":"pt-PT","@id":"https:\/\/antrix.pt\/pt-pt\/#\/schema\/logo\/image\/","url":"","contentUrl":"","caption":"Antrix"},"image":{"@id":"https:\/\/antrix.pt\/pt-pt\/#\/schema\/logo\/image\/"}},{"@type":"Person","@id":"https:\/\/antrix.pt\/pt-pt\/#\/schema\/person\/1fd445dfd27972e12ec431e2b62b3588","name":"Pedro Limbert","image":{"@type":"ImageObject","inLanguage":"pt-PT","@id":"https:\/\/antrix.pt\/pt-pt\/#\/schema\/person\/image\/","url":"https:\/\/secure.gravatar.com\/avatar\/af658f1d63650100a1bae539737418e591de7baa923238b358553c27962dc571?s=96&d=mm&r=g","contentUrl":"https:\/\/secure.gravatar.com\/avatar\/af658f1d63650100a1bae539737418e591de7baa923238b358553c27962dc571?s=96&d=mm&r=g","caption":"Pedro Limbert"},"sameAs":["https:\/\/antrix.pt"],"url":"https:\/\/antrix.pt\/pt-pt\/author\/pedrolimbert\/"}]}},"_links":{"self":[{"href":"https:\/\/antrix.pt\/pt-pt\/wp-json\/wp\/v2\/posts\/10359","targetHints":{"allow":["GET"]}}],"collection":[{"href":"https:\/\/antrix.pt\/pt-pt\/wp-json\/wp\/v2\/posts"}],"about":[{"href":"https:\/\/antrix.pt\/pt-pt\/wp-json\/wp\/v2\/types\/post"}],"author":[{"embeddable":true,"href":"https:\/\/antrix.pt\/pt-pt\/wp-json\/wp\/v2\/users\/4"}],"replies":[{"embeddable":true,"href":"https:\/\/antrix.pt\/pt-pt\/wp-json\/wp\/v2\/comments?post=10359"}],"version-history":[{"count":3,"href":"https:\/\/antrix.pt\/pt-pt\/wp-json\/wp\/v2\/posts\/10359\/revisions"}],"predecessor-version":[{"id":10362,"href":"https:\/\/antrix.pt\/pt-pt\/wp-json\/wp\/v2\/posts\/10359\/revisions\/10362"}],"wp:featuredmedia":[{"embeddable":true,"href":"https:\/\/antrix.pt\/pt-pt\/wp-json\/wp\/v2\/media\/10351"}],"wp:attachment":[{"href":"https:\/\/antrix.pt\/pt-pt\/wp-json\/wp\/v2\/media?parent=10359"}],"wp:term":[{"taxonomy":"category","embeddable":true,"href":"https:\/\/antrix.pt\/pt-pt\/wp-json\/wp\/v2\/categories?post=10359"},{"taxonomy":"post_tag","embeddable":true,"href":"https:\/\/antrix.pt\/pt-pt\/wp-json\/wp\/v2\/tags?post=10359"}],"curies":[{"name":"wp","href":"https:\/\/api.w.org\/{rel}","templated":true}]}}