{"id":10314,"date":"2025-11-12T16:27:41","date_gmt":"2025-11-12T16:27:41","guid":{"rendered":"https:\/\/antrix.pt\/?p=10314"},"modified":"2025-11-12T16:29:29","modified_gmt":"2025-11-12T16:29:29","slug":"requalificacao-fabrica-do-ingles-silves","status":"publish","type":"post","link":"https:\/\/antrix.pt\/pt-pt\/requalificacao-fabrica-do-ingles-silves\/","title":{"rendered":"Do Passado \u00e0 Vanguarda: como o projeto F\u00e1brica do Ingl\u00eas em Silves revive uma hist\u00f3ria industrial"},"content":{"rendered":"\t\t<div data-elementor-type=\"wp-post\" data-elementor-id=\"10314\" class=\"elementor elementor-10314 elementor-10309\" data-elementor-post-type=\"post\">\n\t\t\t\t<div class=\"elementor-element elementor-element-e171361 animated-fast e-flex e-con-boxed elementor-invisible e-con e-parent\" data-id=\"e171361\" data-element_type=\"container\" data-settings=\"{&quot;background_background&quot;:&quot;classic&quot;,&quot;animation&quot;:&quot;h-neuron-animation--slideUp&quot;}\">\n\t\t\t\t\t<div class=\"e-con-inner\">\n\t\t<div class=\"elementor-element elementor-element-7da5131 e-con-full e-flex e-con e-child\" data-id=\"7da5131\" data-element_type=\"container\">\n\t\t\t\t<div class=\"elementor-element elementor-element-7640e65 elementor-widget elementor-widget-heading\" data-id=\"7640e65\" data-element_type=\"widget\" data-widget_type=\"heading.default\">\n\t\t\t\t<div class=\"elementor-widget-container\">\n\t\t\t\t\t<span class=\"elementor-heading-title elementor-size-default\">12 Novembro 2025<\/span>\t\t\t\t<\/div>\n\t\t\t\t<\/div>\n\t\t\t\t<div class=\"elementor-element elementor-element-c1392d6 elementor-widget elementor-widget-heading\" data-id=\"c1392d6\" data-element_type=\"widget\" data-widget_type=\"heading.default\">\n\t\t\t\t<div class=\"elementor-widget-container\">\n\t\t\t\t\t<span class=\"elementor-heading-title elementor-size-default\"><a href=\"https:\/\/antrix.pt\/pt-pt\/tag\/fabrica-do-ingles-pt-pt\/\" rel=\"tag\">F\u00e1brica do Ingl\u00eas<\/a><\/span>\t\t\t\t<\/div>\n\t\t\t\t<\/div>\n\t\t\t\t<\/div>\n\t\t\t\t<div class=\"elementor-element elementor-element-8b88963 elementor-widget elementor-widget-neuron-post-title elementor-page-title elementor-widget-heading\" data-id=\"8b88963\" data-element_type=\"widget\" data-widget_type=\"neuron-post-title.default\">\n\t\t\t\t<div class=\"elementor-widget-container\">\n\t\t\t\t\t<h3 class=\"elementor-heading-title elementor-size-default\">Do Passado \u00e0 Vanguarda: como o projeto F\u00e1brica do Ingl\u00eas em Silves revive uma hist\u00f3ria industrial<\/h3>\t\t\t\t<\/div>\n\t\t\t\t<\/div>\n\t\t\t\t\t<\/div>\n\t\t\t\t<\/div>\n\t\t<div class=\"elementor-element elementor-element-1b76ddc animated-fast e-flex e-con-boxed elementor-invisible e-con e-parent\" data-id=\"1b76ddc\" data-element_type=\"container\" data-settings=\"{&quot;animation&quot;:&quot;h-neuron-animation--slideUp&quot;}\">\n\t\t\t\t\t<div class=\"e-con-inner\">\n\t\t\t\t<div class=\"elementor-element elementor-element-fe49ccd elementor-widget elementor-widget-text-editor\" data-id=\"fe49ccd\" data-element_type=\"widget\" data-widget_type=\"text-editor.default\">\n\t\t\t\t<div class=\"elementor-widget-container\">\n\t\t\t\t\t\t\t\t\t<h5>Do Passado \u00e0 Vanguarda: como o projeto F\u00e1brica do Ingl\u00eas em Silves revive uma hist\u00f3ria industrial<\/h5><p><span style=\"font-weight: 400;\">Existem lugares que guardam mais do que paredes \u2014 guardam mem\u00f3rias.<\/span><\/p><p><span style=\"font-weight: 400;\">Em Silves, no cora\u00e7\u00e3o do Algarve, um desses lugares permanece silencioso, \u00e0 espera de um novo cap\u00edtulo. Outrora s\u00edmbolo da pr\u00f3spera ind\u00fastria corticeira da regi\u00e3o, a F\u00e1brica do Ingl\u00eas est\u00e1 agora prestes a tornar-se um marco de revitaliza\u00e7\u00e3o cultural e regenera\u00e7\u00e3o urbana sustent\u00e1vel.<\/span><\/p><p><b>Um Legado que Vale a Pena Preservar<\/b><\/p><p><span style=\"font-weight: 400;\">Durante mais de um s\u00e9culo, a corti\u00e7a foi uma das exporta\u00e7\u00f5es mais valiosas de Portugal, e Silves \u2014 com o seu rio, castelo e povo trabalhador \u2014 desempenhou um papel vital nessa hist\u00f3ria. A F\u00e1brica do Ingl\u00eas foi simultaneamente um s\u00edmbolo de progresso e de comunidade. Gera\u00e7\u00f5es trabalharam l\u00e1, e as suas chamin\u00e9s desenharam a linha da cidade.<\/span><\/p><p><span style=\"font-weight: 400;\">Quando as m\u00e1quinas pararam e as portas se fecharam, o espa\u00e7o ficou em sil\u00eancio \u2014 mas o seu legado nunca desapareceu. Continuou a ser um lugar carregado de emo\u00e7\u00e3o, hist\u00f3ria e potencial.<\/span><\/p><p><b>Uma Nova Vis\u00e3o para Silves<\/b><\/p><p><span style=\"font-weight: 400;\">A Antrix est\u00e1 a revitalizar a este espa\u00e7o emblem\u00e1tico, transformando-o num destino din\u00e2mico e diverso,que combina hospitalidade, cultura e comunidade.<\/span><\/p><p><span style=\"font-weight: 400;\">A requalifica\u00e7\u00e3o preservar\u00e1 a ess\u00eancia da estrutura original \u2014 as ic\u00f3nicas fachadas de tijolo vermelho e os detalhes industriais \u2014 enquanto d\u00e1 nova vida atrav\u00e9s do design, arte e inova\u00e7\u00e3o. O projeto prev\u00ea uma fus\u00e3o din\u00e2mica de espa\u00e7os museol\u00f3gicos, unidades de hospitalidade boutique, salas culturais e \u00e1reas p\u00fablicas que convidam tanto a popula\u00e7\u00e3o local como os visitantes a experienciar o esp\u00edrito de Silves de forma contempor\u00e2nea.<\/span><\/p><p><b>Mais do que uma Restaura\u00e7\u00e3o \u2014 Uma Reconex\u00e3o Cultural<\/b><\/p><p><span style=\"font-weight: 400;\">N\u00e3o se trata de reconstruir o passado; trata-se de reconectar-se com ele.<\/span><\/p><p><span style=\"font-weight: 400;\">Atrav\u00e9s da colabora\u00e7\u00e3o com atores locais, artistas e historiadores, a F\u00e1brica do Ingl\u00eas voltar\u00e1 a ser um lugar de encontro \u2014 onde a tradi\u00e7\u00e3o encontra a criatividade e o patrim\u00f3nio se cruza com o futuro.<\/span><\/p><p><span style=\"font-weight: 400;\">Para a comunidade, representa orgulho.<\/span><\/p><p><span style=\"font-weight: 400;\">Para os investidores, representa valor.<\/span><\/p><p><span style=\"font-weight: 400;\">Para a Antrix, representa prop\u00f3sito: criar destinos que representam mais do que arquitetura \u2014 representam identidade.<\/span><\/p><p><b>Construindo o Amanh\u00e3, Respeitando o Ontem<\/b><\/p><p><span style=\"font-weight: 400;\">Ao reinventar a F\u00e1brica do Ingl\u00eas, a Antrix refor\u00e7a a sua convic\u00e7\u00e3o de que progresso e preserva\u00e7\u00e3o n\u00e3o s\u00e3o opostos \u2014 s\u00e3o parceiros no desenvolvimento sustent\u00e1vel.<\/span><\/p><p><span style=\"font-weight: 400;\">\u00c0 medida que este espa\u00e7o hist\u00f3rico se prepara para reabrir as portas de uma nova forma, transmite uma mensagem: o futuro do Algarve pode ser t\u00e3o inspirador quanto o seu passado.<\/span><\/p><p><b>O passado construiu a base. O futuro \u00e9 aquilo que dele fazemos.<\/b><\/p><p><span style=\"font-weight: 400;\">Descubra a hist\u00f3ria por detr\u00e1s desta transforma\u00e7\u00e3o em antrix.pt<\/span><\/p>\t\t\t\t\t\t\t\t<\/div>\n\t\t\t\t<\/div>\n\t\t\t\t\t<\/div>\n\t\t\t\t<\/div>\n\t\t<div class=\"elementor-element elementor-element-cd2fa53 animated-fast e-flex e-con-boxed elementor-invisible e-con e-parent\" data-id=\"cd2fa53\" data-element_type=\"container\" data-settings=\"{&quot;animation&quot;:&quot;h-neuron-animation--slideUp&quot;}\">\n\t\t\t\t\t<div class=\"e-con-inner\">\n\t\t<div class=\"elementor-element elementor-element-109933b e-con-full e-flex e-con e-child\" data-id=\"109933b\" data-element_type=\"container\">\n\t\t\t\t<div class=\"elementor-element elementor-element-6ee1856 elementor-widget elementor-widget-neuron-post-navigation\" data-id=\"6ee1856\" data-element_type=\"widget\" data-widget_type=\"neuron-post-navigation.default\">\n\t\t\t\t<div class=\"elementor-widget-container\">\n\t\t\t\t\t\t\t<div class=\"o-post-navigation\">\r\n\r\n\t\t\t\r\n\t\t\t\t\t\t\t<div class=\"o-post-navigation__link o-post-navigation__link--prev\" >\r\n\t\t\t\t\t<a href=\"https:\/\/antrix.pt\/pt-pt\/fabrica-do-ingles-vai-ser-transformada-em-hotel-e-museu-da-cortica-vai-reabrir\/\" rel=\"prev\"><div class=\"o-post-navigation__icon left\">\r\n\t\t\t \r\n\t\t\t<span class=\"o-post-navigation__label\">Previous<\/span>\r\n\t\t\t<\/div>\r\n\t\t\t<span class=\"o-post-navigation__title\">F\u00e1brica do Ingl\u00eas vai ser transformada em hotel e Museu da Corti\u00e7a vai reabrir<\/span><\/a>\t\t\t\t<\/div>\r\n\t\t\t\r\n\t\t\t\t\t\t\t<div class=\"o-post-navigation__link o-post-navigation__link--next\" >\r\n\t\t\t\t\t<a href=\"https:\/\/antrix.pt\/pt-pt\/antrix-e-carvoeiro-branco-anunciam-a-compra-de-nova-fabrica-de-cortica-em-silves\/\" rel=\"next\"><div class=\"o-post-navigation__icon right\">\r\n\t\t\t<span class=\"o-post-navigation__label\">Next<\/span> \r\n\t\t\t<\/div>\r\n\t\t\t<span class=\"o-post-navigation__title\">Antrix e Carvoeiro Branco Anunciam a Compra de Nova F\u00e1brica de Corti\u00e7a, em Silves<\/span><\/a>\t\t\t\t<\/div>\r\n\t\t\t\t\t<\/div>\r\n\t\t\t\t\t<\/div>\n\t\t\t\t<\/div>\n\t\t\t\t<\/div>\n\t\t\t\t\t<\/div>\n\t\t\t\t<\/div>\n\t\t\t\t<\/div>\n\t\t","protected":false},"excerpt":{"rendered":"<p>A Antrix renova a F\u00e1brica do Ingl\u00eas em Silves, unindo patrim\u00f3nio, cultura e sustentabilidade num novo destino.<\/p>\n","protected":false},"author":9,"featured_media":9933,"comment_status":"open","ping_status":"open","sticky":false,"template":"elementor_header_footer","format":"standard","meta":{"footnotes":""},"categories":[113],"tags":[132],"class_list":["post-10314","post","type-post","status-publish","format-standard","has-post-thumbnail","hentry","category-noticias-artigos","tag-fabrica-do-ingles-pt-pt"],"yoast_head":"<!-- This site is optimized with the Yoast SEO plugin v25.0 - https:\/\/yoast.com\/wordpress\/plugins\/seo\/ -->\n<title>Requalifica\u00e7\u00e3o da F\u00e1brica do Ingl\u00eas em Silves: Patrim\u00f3nio, Cultura e Desenvolvimento Sustent\u00e1vel<\/title>\n<meta name=\"description\" content=\"A Antrix renova a F\u00e1brica do Ingl\u00eas em Silves, unindo patrim\u00f3nio, cultura e sustentabilidade num novo destino.\" \/>\n<meta name=\"robots\" content=\"index, follow, max-snippet:-1, max-image-preview:large, max-video-preview:-1\" \/>\n<link rel=\"canonical\" href=\"https:\/\/antrix.pt\/pt-pt\/requalificacao-fabrica-do-ingles-silves\/\" \/>\n<meta property=\"og:locale\" content=\"pt_PT\" \/>\n<meta property=\"og:type\" content=\"article\" \/>\n<meta property=\"og:title\" content=\"Requalifica\u00e7\u00e3o da F\u00e1brica do Ingl\u00eas em Silves: Patrim\u00f3nio, Cultura e Desenvolvimento Sustent\u00e1vel\" \/>\n<meta property=\"og:description\" content=\"A Antrix renova a F\u00e1brica do Ingl\u00eas em Silves, unindo patrim\u00f3nio, cultura e sustentabilidade num novo destino.\" \/>\n<meta property=\"og:url\" content=\"https:\/\/antrix.pt\/pt-pt\/requalificacao-fabrica-do-ingles-silves\/\" \/>\n<meta property=\"og:site_name\" content=\"Antrix\" \/>\n<meta property=\"article:published_time\" content=\"2025-11-12T16:27:41+00:00\" \/>\n<meta property=\"article:modified_time\" content=\"2025-11-12T16:29:29+00:00\" \/>\n<meta property=\"og:image\" content=\"https:\/\/antrix.pt\/wp-content\/uploads\/2025\/09\/Front_Page-scaled.jpg\" \/>\n\t<meta property=\"og:image:width\" content=\"2500\" \/>\n\t<meta property=\"og:image:height\" content=\"1406\" \/>\n\t<meta property=\"og:image:type\" content=\"image\/jpeg\" \/>\n<meta name=\"author\" content=\"Dengun_Teresa\" \/>\n<meta name=\"twitter:card\" content=\"summary_large_image\" \/>\n<meta name=\"twitter:label1\" content=\"Escrito por\" \/>\n\t<meta name=\"twitter:data1\" content=\"Dengun_Teresa\" \/>\n\t<meta name=\"twitter:label2\" content=\"Tempo estimado de leitura\" \/>\n\t<meta name=\"twitter:data2\" content=\"3 minutos\" \/>\n<script type=\"application\/ld+json\" class=\"yoast-schema-graph\">{\"@context\":\"https:\/\/schema.org\",\"@graph\":[{\"@type\":\"Article\",\"@id\":\"https:\/\/antrix.pt\/pt-pt\/requalificacao-fabrica-do-ingles-silves\/#article\",\"isPartOf\":{\"@id\":\"https:\/\/antrix.pt\/pt-pt\/requalificacao-fabrica-do-ingles-silves\/\"},\"author\":{\"name\":\"Dengun_Teresa\",\"@id\":\"https:\/\/antrix.pt\/pt-pt\/#\/schema\/person\/275218a2196dca96e531b4982909a152\"},\"headline\":\"Do Passado \u00e0 Vanguarda: como o projeto F\u00e1brica do Ingl\u00eas em Silves revive uma hist\u00f3ria industrial\",\"datePublished\":\"2025-11-12T16:27:41+00:00\",\"dateModified\":\"2025-11-12T16:29:29+00:00\",\"mainEntityOfPage\":{\"@id\":\"https:\/\/antrix.pt\/pt-pt\/requalificacao-fabrica-do-ingles-silves\/\"},\"wordCount\":538,\"commentCount\":0,\"publisher\":{\"@id\":\"https:\/\/antrix.pt\/pt-pt\/#organization\"},\"image\":{\"@id\":\"https:\/\/antrix.pt\/pt-pt\/requalificacao-fabrica-do-ingles-silves\/#primaryimage\"},\"thumbnailUrl\":\"https:\/\/antrix.pt\/wp-content\/uploads\/2025\/09\/Front_Page-scaled.jpg\",\"keywords\":[\"F\u00e1brica do Ingl\u00eas\"],\"articleSection\":[\"Not\u00ed\u00adcias &amp; Artigos\"],\"inLanguage\":\"pt-PT\",\"potentialAction\":[{\"@type\":\"CommentAction\",\"name\":\"Comment\",\"target\":[\"https:\/\/antrix.pt\/pt-pt\/requalificacao-fabrica-do-ingles-silves\/#respond\"]}]},{\"@type\":\"WebPage\",\"@id\":\"https:\/\/antrix.pt\/pt-pt\/requalificacao-fabrica-do-ingles-silves\/\",\"url\":\"https:\/\/antrix.pt\/pt-pt\/requalificacao-fabrica-do-ingles-silves\/\",\"name\":\"Requalifica\u00e7\u00e3o da F\u00e1brica do Ingl\u00eas em Silves: Patrim\u00f3nio, Cultura e Desenvolvimento Sustent\u00e1vel\",\"isPartOf\":{\"@id\":\"https:\/\/antrix.pt\/pt-pt\/#website\"},\"primaryImageOfPage\":{\"@id\":\"https:\/\/antrix.pt\/pt-pt\/requalificacao-fabrica-do-ingles-silves\/#primaryimage\"},\"image\":{\"@id\":\"https:\/\/antrix.pt\/pt-pt\/requalificacao-fabrica-do-ingles-silves\/#primaryimage\"},\"thumbnailUrl\":\"https:\/\/antrix.pt\/wp-content\/uploads\/2025\/09\/Front_Page-scaled.jpg\",\"datePublished\":\"2025-11-12T16:27:41+00:00\",\"dateModified\":\"2025-11-12T16:29:29+00:00\",\"description\":\"A Antrix renova a F\u00e1brica do Ingl\u00eas em Silves, unindo patrim\u00f3nio, cultura e sustentabilidade num novo destino.\",\"breadcrumb\":{\"@id\":\"https:\/\/antrix.pt\/pt-pt\/requalificacao-fabrica-do-ingles-silves\/#breadcrumb\"},\"inLanguage\":\"pt-PT\",\"potentialAction\":[{\"@type\":\"ReadAction\",\"target\":[\"https:\/\/antrix.pt\/pt-pt\/requalificacao-fabrica-do-ingles-silves\/\"]}]},{\"@type\":\"ImageObject\",\"inLanguage\":\"pt-PT\",\"@id\":\"https:\/\/antrix.pt\/pt-pt\/requalificacao-fabrica-do-ingles-silves\/#primaryimage\",\"url\":\"https:\/\/antrix.pt\/wp-content\/uploads\/2025\/09\/Front_Page-scaled.jpg\",\"contentUrl\":\"https:\/\/antrix.pt\/wp-content\/uploads\/2025\/09\/Front_Page-scaled.jpg\",\"width\":2500,\"height\":1406,\"caption\":\"default\"},{\"@type\":\"BreadcrumbList\",\"@id\":\"https:\/\/antrix.pt\/pt-pt\/requalificacao-fabrica-do-ingles-silves\/#breadcrumb\",\"itemListElement\":[{\"@type\":\"ListItem\",\"position\":1,\"name\":\"In\u00edcio\",\"item\":\"https:\/\/antrix.pt\/pt-pt\/home\/\"},{\"@type\":\"ListItem\",\"position\":2,\"name\":\"Do Passado \u00e0 Vanguarda: como o projeto F\u00e1brica do Ingl\u00eas em Silves revive uma hist\u00f3ria industrial\"}]},{\"@type\":\"WebSite\",\"@id\":\"https:\/\/antrix.pt\/pt-pt\/#website\",\"url\":\"https:\/\/antrix.pt\/pt-pt\/\",\"name\":\"Antrix\",\"description\":\"DEVELOPING WITH PRECISION AND CARE\",\"publisher\":{\"@id\":\"https:\/\/antrix.pt\/pt-pt\/#organization\"},\"potentialAction\":[{\"@type\":\"SearchAction\",\"target\":{\"@type\":\"EntryPoint\",\"urlTemplate\":\"https:\/\/antrix.pt\/pt-pt\/?s={search_term_string}\"},\"query-input\":{\"@type\":\"PropertyValueSpecification\",\"valueRequired\":true,\"valueName\":\"search_term_string\"}}],\"inLanguage\":\"pt-PT\"},{\"@type\":\"Organization\",\"@id\":\"https:\/\/antrix.pt\/pt-pt\/#organization\",\"name\":\"Antrix\",\"url\":\"https:\/\/antrix.pt\/pt-pt\/\",\"logo\":{\"@type\":\"ImageObject\",\"inLanguage\":\"pt-PT\",\"@id\":\"https:\/\/antrix.pt\/pt-pt\/#\/schema\/logo\/image\/\",\"url\":\"\",\"contentUrl\":\"\",\"caption\":\"Antrix\"},\"image\":{\"@id\":\"https:\/\/antrix.pt\/pt-pt\/#\/schema\/logo\/image\/\"}},{\"@type\":\"Person\",\"@id\":\"https:\/\/antrix.pt\/pt-pt\/#\/schema\/person\/275218a2196dca96e531b4982909a152\",\"name\":\"Dengun_Teresa\",\"image\":{\"@type\":\"ImageObject\",\"inLanguage\":\"pt-PT\",\"@id\":\"https:\/\/antrix.pt\/pt-pt\/#\/schema\/person\/image\/\",\"url\":\"https:\/\/secure.gravatar.com\/avatar\/a545f84793b56fc04711d47b65f3e35ab535e6fed81fa7a218839acac923fc42?s=96&d=mm&r=g\",\"contentUrl\":\"https:\/\/secure.gravatar.com\/avatar\/a545f84793b56fc04711d47b65f3e35ab535e6fed81fa7a218839acac923fc42?s=96&d=mm&r=g\",\"caption\":\"Dengun_Teresa\"},\"url\":\"https:\/\/antrix.pt\/pt-pt\/author\/dengun_teresa\/\"}]}<\/script>\n<!-- \/ Yoast SEO plugin. -->","yoast_head_json":{"title":"Requalifica\u00e7\u00e3o da F\u00e1brica do Ingl\u00eas em Silves: Patrim\u00f3nio, Cultura e Desenvolvimento Sustent\u00e1vel","description":"A Antrix renova a F\u00e1brica do Ingl\u00eas em Silves, unindo patrim\u00f3nio, cultura e sustentabilidade num novo destino.","robots":{"index":"index","follow":"follow","max-snippet":"max-snippet:-1","max-image-preview":"max-image-preview:large","max-video-preview":"max-video-preview:-1"},"canonical":"https:\/\/antrix.pt\/pt-pt\/requalificacao-fabrica-do-ingles-silves\/","og_locale":"pt_PT","og_type":"article","og_title":"Requalifica\u00e7\u00e3o da F\u00e1brica do Ingl\u00eas em Silves: Patrim\u00f3nio, Cultura e Desenvolvimento Sustent\u00e1vel","og_description":"A Antrix renova a F\u00e1brica do Ingl\u00eas em Silves, unindo patrim\u00f3nio, cultura e sustentabilidade num novo destino.","og_url":"https:\/\/antrix.pt\/pt-pt\/requalificacao-fabrica-do-ingles-silves\/","og_site_name":"Antrix","article_published_time":"2025-11-12T16:27:41+00:00","article_modified_time":"2025-11-12T16:29:29+00:00","og_image":[{"width":2500,"height":1406,"url":"https:\/\/antrix.pt\/wp-content\/uploads\/2025\/09\/Front_Page-scaled.jpg","type":"image\/jpeg"}],"author":"Dengun_Teresa","twitter_card":"summary_large_image","twitter_misc":{"Escrito por":"Dengun_Teresa","Tempo estimado de leitura":"3 minutos"},"schema":{"@context":"https:\/\/schema.org","@graph":[{"@type":"Article","@id":"https:\/\/antrix.pt\/pt-pt\/requalificacao-fabrica-do-ingles-silves\/#article","isPartOf":{"@id":"https:\/\/antrix.pt\/pt-pt\/requalificacao-fabrica-do-ingles-silves\/"},"author":{"name":"Dengun_Teresa","@id":"https:\/\/antrix.pt\/pt-pt\/#\/schema\/person\/275218a2196dca96e531b4982909a152"},"headline":"Do Passado \u00e0 Vanguarda: como o projeto F\u00e1brica do Ingl\u00eas em Silves revive uma hist\u00f3ria industrial","datePublished":"2025-11-12T16:27:41+00:00","dateModified":"2025-11-12T16:29:29+00:00","mainEntityOfPage":{"@id":"https:\/\/antrix.pt\/pt-pt\/requalificacao-fabrica-do-ingles-silves\/"},"wordCount":538,"commentCount":0,"publisher":{"@id":"https:\/\/antrix.pt\/pt-pt\/#organization"},"image":{"@id":"https:\/\/antrix.pt\/pt-pt\/requalificacao-fabrica-do-ingles-silves\/#primaryimage"},"thumbnailUrl":"https:\/\/antrix.pt\/wp-content\/uploads\/2025\/09\/Front_Page-scaled.jpg","keywords":["F\u00e1brica do Ingl\u00eas"],"articleSection":["Not\u00ed\u00adcias &amp; Artigos"],"inLanguage":"pt-PT","potentialAction":[{"@type":"CommentAction","name":"Comment","target":["https:\/\/antrix.pt\/pt-pt\/requalificacao-fabrica-do-ingles-silves\/#respond"]}]},{"@type":"WebPage","@id":"https:\/\/antrix.pt\/pt-pt\/requalificacao-fabrica-do-ingles-silves\/","url":"https:\/\/antrix.pt\/pt-pt\/requalificacao-fabrica-do-ingles-silves\/","name":"Requalifica\u00e7\u00e3o da F\u00e1brica do Ingl\u00eas em Silves: Patrim\u00f3nio, Cultura e Desenvolvimento Sustent\u00e1vel","isPartOf":{"@id":"https:\/\/antrix.pt\/pt-pt\/#website"},"primaryImageOfPage":{"@id":"https:\/\/antrix.pt\/pt-pt\/requalificacao-fabrica-do-ingles-silves\/#primaryimage"},"image":{"@id":"https:\/\/antrix.pt\/pt-pt\/requalificacao-fabrica-do-ingles-silves\/#primaryimage"},"thumbnailUrl":"https:\/\/antrix.pt\/wp-content\/uploads\/2025\/09\/Front_Page-scaled.jpg","datePublished":"2025-11-12T16:27:41+00:00","dateModified":"2025-11-12T16:29:29+00:00","description":"A Antrix renova a F\u00e1brica do Ingl\u00eas em Silves, unindo patrim\u00f3nio, cultura e sustentabilidade num novo destino.","breadcrumb":{"@id":"https:\/\/antrix.pt\/pt-pt\/requalificacao-fabrica-do-ingles-silves\/#breadcrumb"},"inLanguage":"pt-PT","potentialAction":[{"@type":"ReadAction","target":["https:\/\/antrix.pt\/pt-pt\/requalificacao-fabrica-do-ingles-silves\/"]}]},{"@type":"ImageObject","inLanguage":"pt-PT","@id":"https:\/\/antrix.pt\/pt-pt\/requalificacao-fabrica-do-ingles-silves\/#primaryimage","url":"https:\/\/antrix.pt\/wp-content\/uploads\/2025\/09\/Front_Page-scaled.jpg","contentUrl":"https:\/\/antrix.pt\/wp-content\/uploads\/2025\/09\/Front_Page-scaled.jpg","width":2500,"height":1406,"caption":"default"},{"@type":"BreadcrumbList","@id":"https:\/\/antrix.pt\/pt-pt\/requalificacao-fabrica-do-ingles-silves\/#breadcrumb","itemListElement":[{"@type":"ListItem","position":1,"name":"In\u00edcio","item":"https:\/\/antrix.pt\/pt-pt\/home\/"},{"@type":"ListItem","position":2,"name":"Do Passado \u00e0 Vanguarda: como o projeto F\u00e1brica do Ingl\u00eas em Silves revive uma hist\u00f3ria industrial"}]},{"@type":"WebSite","@id":"https:\/\/antrix.pt\/pt-pt\/#website","url":"https:\/\/antrix.pt\/pt-pt\/","name":"Antrix","description":"DEVELOPING WITH PRECISION AND CARE","publisher":{"@id":"https:\/\/antrix.pt\/pt-pt\/#organization"},"potentialAction":[{"@type":"SearchAction","target":{"@type":"EntryPoint","urlTemplate":"https:\/\/antrix.pt\/pt-pt\/?s={search_term_string}"},"query-input":{"@type":"PropertyValueSpecification","valueRequired":true,"valueName":"search_term_string"}}],"inLanguage":"pt-PT"},{"@type":"Organization","@id":"https:\/\/antrix.pt\/pt-pt\/#organization","name":"Antrix","url":"https:\/\/antrix.pt\/pt-pt\/","logo":{"@type":"ImageObject","inLanguage":"pt-PT","@id":"https:\/\/antrix.pt\/pt-pt\/#\/schema\/logo\/image\/","url":"","contentUrl":"","caption":"Antrix"},"image":{"@id":"https:\/\/antrix.pt\/pt-pt\/#\/schema\/logo\/image\/"}},{"@type":"Person","@id":"https:\/\/antrix.pt\/pt-pt\/#\/schema\/person\/275218a2196dca96e531b4982909a152","name":"Dengun_Teresa","image":{"@type":"ImageObject","inLanguage":"pt-PT","@id":"https:\/\/antrix.pt\/pt-pt\/#\/schema\/person\/image\/","url":"https:\/\/secure.gravatar.com\/avatar\/a545f84793b56fc04711d47b65f3e35ab535e6fed81fa7a218839acac923fc42?s=96&d=mm&r=g","contentUrl":"https:\/\/secure.gravatar.com\/avatar\/a545f84793b56fc04711d47b65f3e35ab535e6fed81fa7a218839acac923fc42?s=96&d=mm&r=g","caption":"Dengun_Teresa"},"url":"https:\/\/antrix.pt\/pt-pt\/author\/dengun_teresa\/"}]}},"_links":{"self":[{"href":"https:\/\/antrix.pt\/pt-pt\/wp-json\/wp\/v2\/posts\/10314","targetHints":{"allow":["GET"]}}],"collection":[{"href":"https:\/\/antrix.pt\/pt-pt\/wp-json\/wp\/v2\/posts"}],"about":[{"href":"https:\/\/antrix.pt\/pt-pt\/wp-json\/wp\/v2\/types\/post"}],"author":[{"embeddable":true,"href":"https:\/\/antrix.pt\/pt-pt\/wp-json\/wp\/v2\/users\/9"}],"replies":[{"embeddable":true,"href":"https:\/\/antrix.pt\/pt-pt\/wp-json\/wp\/v2\/comments?post=10314"}],"version-history":[{"count":19,"href":"https:\/\/antrix.pt\/pt-pt\/wp-json\/wp\/v2\/posts\/10314\/revisions"}],"predecessor-version":[{"id":10340,"href":"https:\/\/antrix.pt\/pt-pt\/wp-json\/wp\/v2\/posts\/10314\/revisions\/10340"}],"wp:featuredmedia":[{"embeddable":true,"href":"https:\/\/antrix.pt\/pt-pt\/wp-json\/wp\/v2\/media\/9933"}],"wp:attachment":[{"href":"https:\/\/antrix.pt\/pt-pt\/wp-json\/wp\/v2\/media?parent=10314"}],"wp:term":[{"taxonomy":"category","embeddable":true,"href":"https:\/\/antrix.pt\/pt-pt\/wp-json\/wp\/v2\/categories?post=10314"},{"taxonomy":"post_tag","embeddable":true,"href":"https:\/\/antrix.pt\/pt-pt\/wp-json\/wp\/v2\/tags?post=10314"}],"curies":[{"name":"wp","href":"https:\/\/api.w.org\/{rel}","templated":true}]}}