{"id":10053,"date":"2025-09-15T10:43:54","date_gmt":"2025-09-15T09:43:54","guid":{"rendered":"https:\/\/antrix.pt\/?p=10053"},"modified":"2025-09-18T12:16:43","modified_gmt":"2025-09-18T11:16:43","slug":"fabrica-do-ingles-vai-ser-transformada-em-hotel-e-museu-da-cortica-vai-reabrir","status":"publish","type":"post","link":"https:\/\/antrix.pt\/pt-pt\/fabrica-do-ingles-vai-ser-transformada-em-hotel-e-museu-da-cortica-vai-reabrir\/","title":{"rendered":"F\u00e1brica do Ingl\u00eas vai ser transformada em hotel e Museu da Corti\u00e7a vai reabrir"},"content":{"rendered":"\t\t<div data-elementor-type=\"wp-post\" data-elementor-id=\"10053\" class=\"elementor elementor-10053\" data-elementor-post-type=\"post\">\n\t\t\t\t<div class=\"elementor-element elementor-element-e171361 animated-fast e-flex e-con-boxed elementor-invisible e-con e-parent\" data-id=\"e171361\" data-element_type=\"container\" data-settings=\"{&quot;background_background&quot;:&quot;classic&quot;,&quot;animation&quot;:&quot;h-neuron-animation--slideUp&quot;}\">\n\t\t\t\t\t<div class=\"e-con-inner\">\n\t\t<div class=\"elementor-element elementor-element-7da5131 e-con-full e-flex e-con e-child\" data-id=\"7da5131\" data-element_type=\"container\">\n\t\t\t\t<div class=\"elementor-element elementor-element-7640e65 elementor-widget elementor-widget-heading\" data-id=\"7640e65\" data-element_type=\"widget\" data-widget_type=\"heading.default\">\n\t\t\t\t<div class=\"elementor-widget-container\">\n\t\t\t\t\t<span class=\"elementor-heading-title elementor-size-default\">15 Setembro 2025<\/span>\t\t\t\t<\/div>\n\t\t\t\t<\/div>\n\t\t\t\t<div class=\"elementor-element elementor-element-c1392d6 elementor-widget elementor-widget-heading\" data-id=\"c1392d6\" data-element_type=\"widget\" data-widget_type=\"heading.default\">\n\t\t\t\t<div class=\"elementor-widget-container\">\n\t\t\t\t\t<span class=\"elementor-heading-title elementor-size-default\"><a href=\"https:\/\/antrix.pt\/pt-pt\/tag\/fabrica-do-ingles-pt-pt\/\" rel=\"tag\">F\u00e1brica do Ingl\u00eas<\/a><\/span>\t\t\t\t<\/div>\n\t\t\t\t<\/div>\n\t\t\t\t<\/div>\n\t\t\t\t<div class=\"elementor-element elementor-element-8b88963 elementor-widget elementor-widget-neuron-post-title elementor-page-title elementor-widget-heading\" data-id=\"8b88963\" data-element_type=\"widget\" data-widget_type=\"neuron-post-title.default\">\n\t\t\t\t<div class=\"elementor-widget-container\">\n\t\t\t\t\t<h3 class=\"elementor-heading-title elementor-size-default\">F\u00e1brica do Ingl\u00eas vai ser transformada em hotel e Museu da Corti\u00e7a vai reabrir<\/h3>\t\t\t\t<\/div>\n\t\t\t\t<\/div>\n\t\t\t\t\t<\/div>\n\t\t\t\t<\/div>\n\t\t<div class=\"elementor-element elementor-element-1b76ddc animated-fast e-flex e-con-boxed elementor-invisible e-con e-parent\" data-id=\"1b76ddc\" data-element_type=\"container\" data-settings=\"{&quot;animation&quot;:&quot;h-neuron-animation--slideUp&quot;}\">\n\t\t\t\t\t<div class=\"e-con-inner\">\n\t\t\t\t<div class=\"elementor-element elementor-element-fe49ccd elementor-widget elementor-widget-text-editor\" data-id=\"fe49ccd\" data-element_type=\"widget\" data-widget_type=\"text-editor.default\">\n\t\t\t\t<div class=\"elementor-widget-container\">\n\t\t\t\t\t\t\t\t\t<em>Source: <span style=\"text-decoration: underline;\"><a href=\"https:\/\/www.nit.pt\/fora-de-casa\/turismos-rurais-e-hoteis\/fabrica-ingles-vai-ser-transformada-num-hotel-e-o-museu-da-cortica-vai-reabrir\">https:\/\/www.nit.pt\/fora-de-casa\/turismos-rurais-e-hoteis\/fabrica-ingles-vai-ser-transformada-num-hotel-e-o-museu-da-cortica-vai-reabrir<\/a><\/span><\/em>\n<h5><h5>F\u00e1brica do Ingl\u00eas vai ser transformada em hotel e Museu da Corti\u00e7a vai reabrir<\/h5>\n<\/p>\n<p class=\"p1\">O espa\u00e7o hist\u00f3rico ter\u00e1 investimento de 25 milh\u00f5es de euros e obras entre 2026 e 2029.\n<\/p>\n<p class=\"p1\">Um dos espa\u00e7os mais emblem\u00e1ticos de Silves, a F\u00e1brica do Ingl\u00eas, foi adquirida pelas promotoras imobili\u00e1rias Antrix e Carvoeiro Branco. Agora, o objetivo passa por recuperar o complexo hist\u00f3rico e criar novas din\u00e2micas culturais na regi\u00e3o.\n<\/p>\n<p class=\"p1\">O projeto contempla a reabertura do Museu da Corti\u00e7a, encerrado em 2013 ap\u00f3s a insolv\u00eancia da empresa F\u00e1brica do Ingl\u00eas SA, e a constru\u00e7\u00e3o de uma unidade hoteleira de charme com 50 quartos, que dever\u00e1 gerar 80 postos de trabalho.\n<\/p>\n<p class=\"p1\">A reabilita\u00e7\u00e3o inclui ainda a recupera\u00e7\u00e3o do antigo chalet, que funcionar\u00e1 como casa de ch\u00e1 quando o espa\u00e7o reabrir. O investimento ronda os 25 milh\u00f5es de euros, com obras a arrancar em 2026 e conclus\u00e3o prevista para 2029.\n<\/p>\n<p class=\"p1\">Segundo Erik de Vlieger, fundador da Carvoeiro Branco, o ponto de partida ser\u00e1 a reabertura do museu, que poder\u00e1 acontecer j\u00e1 no primeiro semestre de 2026, revelou o pr\u00f3prio \u00e0 \u201cLusa\u201d, citada pelo \u201cSapo\u201d. Em 2001, o monumento recebeu o pr\u00e9mio Luigi Micheletti, na categoria de \u201cMelhor Museu Industrial da Europa\u201d.\n<\/p>\n<p class=\"p1\">A F\u00e1brica do Ingl\u00eas foi constru\u00edda em 1894 como unidade de transforma\u00e7\u00e3o de corti\u00e7a e cal\u00e7ado em Portugal. No final dos anos 90, ap\u00f3s o encerramento, foi transformada num espa\u00e7o cultural e tur\u00edstico dedicado \u00e0 hist\u00f3ria da corti\u00e7a, de onde nasceu o Museu da Corti\u00e7a.\n<\/p>\n<p class=\"p1\">Com o tempo, os custos de manuten\u00e7\u00e3o tornaram-se demasiado elevados e, em 2013, a F\u00e1brica do Ingl\u00eas SA entrou em insolv\u00eancia. Desde ent\u00e3o, o espa\u00e7o permaneceu abandonado.\t\t\t\t\t\t\t\t<\/div>\n\t\t\t\t<\/div>\n\t\t\t\t\t<\/div>\n\t\t\t\t<\/div>\n\t\t<div class=\"elementor-element elementor-element-cd2fa53 animated-fast e-flex e-con-boxed elementor-invisible e-con e-parent\" data-id=\"cd2fa53\" data-element_type=\"container\" data-settings=\"{&quot;animation&quot;:&quot;h-neuron-animation--slideUp&quot;}\">\n\t\t\t\t\t<div class=\"e-con-inner\">\n\t\t<div class=\"elementor-element elementor-element-109933b e-con-full e-flex e-con e-child\" data-id=\"109933b\" data-element_type=\"container\">\n\t\t\t\t<div class=\"elementor-element elementor-element-6ee1856 elementor-widget elementor-widget-neuron-post-navigation\" data-id=\"6ee1856\" data-element_type=\"widget\" data-widget_type=\"neuron-post-navigation.default\">\n\t\t\t\t<div class=\"elementor-widget-container\">\n\t\t\t\t\t\t\t<div class=\"o-post-navigation\">\r\n\r\n\t\t\t\r\n\t\t\t\t\t\t\t<div class=\"o-post-navigation__link o-post-navigation__link--prev\" >\r\n\t\t\t\t\t<a href=\"https:\/\/antrix.pt\/pt-pt\/fabrica-do-ingles-foi-adquirida-por-25-milhoes-de-euros-e-vai-dar-lugar-a-um-hotel-de-charme\/\" rel=\"prev\"><div class=\"o-post-navigation__icon left\">\r\n\t\t\t \r\n\t\t\t<span class=\"o-post-navigation__label\">Anterior<\/span>\r\n\t\t\t<\/div>\r\n\t\t\t<span class=\"o-post-navigation__title\">F\u00e1brica do Ingl\u00eas foi adquirida por 25 milh\u00f5es de euros e vai dar lugar a um hotel de charme<\/span><\/a>\t\t\t\t<\/div>\r\n\t\t\t\r\n\t\t\t\t\t\t\t<div class=\"o-post-navigation__link o-post-navigation__link--next\" >\r\n\t\t\t\t\t<a href=\"https:\/\/antrix.pt\/pt-pt\/requalificacao-fabrica-do-ingles-silves\/\" rel=\"next\"><div class=\"o-post-navigation__icon right\">\r\n\t\t\t<span class=\"o-post-navigation__label\">Pr\u00f3ximo<\/span> \r\n\t\t\t<\/div>\r\n\t\t\t<span class=\"o-post-navigation__title\">Do Passado \u00e0 Vanguarda: como o projeto F\u00e1brica do Ingl\u00eas em Silves revive uma hist\u00f3ria industrial<\/span><\/a>\t\t\t\t<\/div>\r\n\t\t\t\t\t<\/div>\r\n\t\t\t\t\t<\/div>\n\t\t\t\t<\/div>\n\t\t\t\t<\/div>\n\t\t\t\t\t<\/div>\n\t\t\t\t<\/div>\n\t\t\t\t<\/div>\n\t\t","protected":false},"excerpt":{"rendered":"<p>Um dos espa\u00e7os mais emblem\u00e1ticos de Silves, a F\u00e1brica do Ingl\u00eas, foi adquirida pelas promotoras imobili\u00e1rias Antrix e Carvoeiro Branco &#8230;<\/p>\n","protected":false},"author":4,"featured_media":10122,"comment_status":"open","ping_status":"open","sticky":false,"template":"elementor_header_footer","format":"standard","meta":{"footnotes":""},"categories":[113],"tags":[132],"class_list":["post-10053","post","type-post","status-publish","format-standard","has-post-thumbnail","hentry","category-noticias-artigos","tag-fabrica-do-ingles-pt-pt"],"yoast_head":"<!-- This site is optimized with the Yoast SEO plugin v25.0 - https:\/\/yoast.com\/wordpress\/plugins\/seo\/ -->\n<title>F\u00e1brica do Ingl\u00eas vai ser transformada em hotel e Museu da Corti\u00e7a vai reabrir - Antrix<\/title>\n<meta name=\"robots\" content=\"index, follow, max-snippet:-1, max-image-preview:large, max-video-preview:-1\" \/>\n<link rel=\"canonical\" href=\"https:\/\/antrix.pt\/pt-pt\/fabrica-do-ingles-vai-ser-transformada-em-hotel-e-museu-da-cortica-vai-reabrir\/\" \/>\n<meta property=\"og:locale\" content=\"pt_PT\" \/>\n<meta property=\"og:type\" content=\"article\" \/>\n<meta property=\"og:title\" content=\"F\u00e1brica do Ingl\u00eas vai ser transformada em hotel e Museu da Corti\u00e7a vai reabrir - Antrix\" \/>\n<meta property=\"og:description\" content=\"Um dos espa\u00e7os mais emblem\u00e1ticos de Silves, a F\u00e1brica do Ingl\u00eas, foi adquirida pelas promotoras imobili\u00e1rias Antrix e Carvoeiro Branco ...\" \/>\n<meta property=\"og:url\" content=\"https:\/\/antrix.pt\/pt-pt\/fabrica-do-ingles-vai-ser-transformada-em-hotel-e-museu-da-cortica-vai-reabrir\/\" \/>\n<meta property=\"og:site_name\" content=\"Antrix\" \/>\n<meta property=\"article:published_time\" content=\"2025-09-15T09:43:54+00:00\" \/>\n<meta property=\"article:modified_time\" content=\"2025-09-18T11:16:43+00:00\" \/>\n<meta property=\"og:image\" content=\"https:\/\/antrix.pt\/wp-content\/uploads\/2025\/09\/Antrix-Media-Templates-5-scaled.png\" \/>\n\t<meta property=\"og:image:width\" content=\"2500\" \/>\n\t<meta property=\"og:image:height\" content=\"1406\" \/>\n\t<meta property=\"og:image:type\" content=\"image\/png\" \/>\n<meta name=\"author\" content=\"Pedro Limbert\" \/>\n<meta name=\"twitter:card\" content=\"summary_large_image\" \/>\n<meta name=\"twitter:label1\" content=\"Escrito por\" \/>\n\t<meta name=\"twitter:data1\" content=\"Pedro Limbert\" \/>\n\t<meta name=\"twitter:label2\" content=\"Tempo estimado de leitura\" \/>\n\t<meta name=\"twitter:data2\" content=\"1 minuto\" \/>\n<script type=\"application\/ld+json\" class=\"yoast-schema-graph\">{\"@context\":\"https:\/\/schema.org\",\"@graph\":[{\"@type\":\"Article\",\"@id\":\"https:\/\/antrix.pt\/pt-pt\/fabrica-do-ingles-vai-ser-transformada-em-hotel-e-museu-da-cortica-vai-reabrir\/#article\",\"isPartOf\":{\"@id\":\"https:\/\/antrix.pt\/pt-pt\/fabrica-do-ingles-vai-ser-transformada-em-hotel-e-museu-da-cortica-vai-reabrir\/\"},\"author\":{\"name\":\"Pedro Limbert\",\"@id\":\"https:\/\/antrix.pt\/pt-pt\/#\/schema\/person\/1fd445dfd27972e12ec431e2b62b3588\"},\"headline\":\"F\u00e1brica do Ingl\u00eas vai ser transformada em hotel e Museu da Corti\u00e7a vai reabrir\",\"datePublished\":\"2025-09-15T09:43:54+00:00\",\"dateModified\":\"2025-09-18T11:16:43+00:00\",\"mainEntityOfPage\":{\"@id\":\"https:\/\/antrix.pt\/pt-pt\/fabrica-do-ingles-vai-ser-transformada-em-hotel-e-museu-da-cortica-vai-reabrir\/\"},\"wordCount\":343,\"commentCount\":0,\"publisher\":{\"@id\":\"https:\/\/antrix.pt\/pt-pt\/#organization\"},\"image\":{\"@id\":\"https:\/\/antrix.pt\/pt-pt\/fabrica-do-ingles-vai-ser-transformada-em-hotel-e-museu-da-cortica-vai-reabrir\/#primaryimage\"},\"thumbnailUrl\":\"https:\/\/antrix.pt\/wp-content\/uploads\/2025\/09\/Antrix-Media-Templates-5-scaled.png\",\"keywords\":[\"F\u00e1brica do Ingl\u00eas\"],\"articleSection\":[\"Not\u00ed\u00adcias &amp; Artigos\"],\"inLanguage\":\"pt-PT\",\"potentialAction\":[{\"@type\":\"CommentAction\",\"name\":\"Comment\",\"target\":[\"https:\/\/antrix.pt\/pt-pt\/fabrica-do-ingles-vai-ser-transformada-em-hotel-e-museu-da-cortica-vai-reabrir\/#respond\"]}]},{\"@type\":\"WebPage\",\"@id\":\"https:\/\/antrix.pt\/pt-pt\/fabrica-do-ingles-vai-ser-transformada-em-hotel-e-museu-da-cortica-vai-reabrir\/\",\"url\":\"https:\/\/antrix.pt\/pt-pt\/fabrica-do-ingles-vai-ser-transformada-em-hotel-e-museu-da-cortica-vai-reabrir\/\",\"name\":\"F\u00e1brica do Ingl\u00eas vai ser transformada em hotel e Museu da Corti\u00e7a vai reabrir - Antrix\",\"isPartOf\":{\"@id\":\"https:\/\/antrix.pt\/pt-pt\/#website\"},\"primaryImageOfPage\":{\"@id\":\"https:\/\/antrix.pt\/pt-pt\/fabrica-do-ingles-vai-ser-transformada-em-hotel-e-museu-da-cortica-vai-reabrir\/#primaryimage\"},\"image\":{\"@id\":\"https:\/\/antrix.pt\/pt-pt\/fabrica-do-ingles-vai-ser-transformada-em-hotel-e-museu-da-cortica-vai-reabrir\/#primaryimage\"},\"thumbnailUrl\":\"https:\/\/antrix.pt\/wp-content\/uploads\/2025\/09\/Antrix-Media-Templates-5-scaled.png\",\"datePublished\":\"2025-09-15T09:43:54+00:00\",\"dateModified\":\"2025-09-18T11:16:43+00:00\",\"breadcrumb\":{\"@id\":\"https:\/\/antrix.pt\/pt-pt\/fabrica-do-ingles-vai-ser-transformada-em-hotel-e-museu-da-cortica-vai-reabrir\/#breadcrumb\"},\"inLanguage\":\"pt-PT\",\"potentialAction\":[{\"@type\":\"ReadAction\",\"target\":[\"https:\/\/antrix.pt\/pt-pt\/fabrica-do-ingles-vai-ser-transformada-em-hotel-e-museu-da-cortica-vai-reabrir\/\"]}]},{\"@type\":\"ImageObject\",\"inLanguage\":\"pt-PT\",\"@id\":\"https:\/\/antrix.pt\/pt-pt\/fabrica-do-ingles-vai-ser-transformada-em-hotel-e-museu-da-cortica-vai-reabrir\/#primaryimage\",\"url\":\"https:\/\/antrix.pt\/wp-content\/uploads\/2025\/09\/Antrix-Media-Templates-5-scaled.png\",\"contentUrl\":\"https:\/\/antrix.pt\/wp-content\/uploads\/2025\/09\/Antrix-Media-Templates-5-scaled.png\",\"width\":2500,\"height\":1406},{\"@type\":\"BreadcrumbList\",\"@id\":\"https:\/\/antrix.pt\/pt-pt\/fabrica-do-ingles-vai-ser-transformada-em-hotel-e-museu-da-cortica-vai-reabrir\/#breadcrumb\",\"itemListElement\":[{\"@type\":\"ListItem\",\"position\":1,\"name\":\"In\u00edcio\",\"item\":\"https:\/\/antrix.pt\/pt-pt\/home\/\"},{\"@type\":\"ListItem\",\"position\":2,\"name\":\"F\u00e1brica do Ingl\u00eas vai ser transformada em hotel e Museu da Corti\u00e7a vai reabrir\"}]},{\"@type\":\"WebSite\",\"@id\":\"https:\/\/antrix.pt\/pt-pt\/#website\",\"url\":\"https:\/\/antrix.pt\/pt-pt\/\",\"name\":\"Antrix\",\"description\":\"DEVELOPING WITH PRECISION AND CARE\",\"publisher\":{\"@id\":\"https:\/\/antrix.pt\/pt-pt\/#organization\"},\"potentialAction\":[{\"@type\":\"SearchAction\",\"target\":{\"@type\":\"EntryPoint\",\"urlTemplate\":\"https:\/\/antrix.pt\/pt-pt\/?s={search_term_string}\"},\"query-input\":{\"@type\":\"PropertyValueSpecification\",\"valueRequired\":true,\"valueName\":\"search_term_string\"}}],\"inLanguage\":\"pt-PT\"},{\"@type\":\"Organization\",\"@id\":\"https:\/\/antrix.pt\/pt-pt\/#organization\",\"name\":\"Antrix\",\"url\":\"https:\/\/antrix.pt\/pt-pt\/\",\"logo\":{\"@type\":\"ImageObject\",\"inLanguage\":\"pt-PT\",\"@id\":\"https:\/\/antrix.pt\/pt-pt\/#\/schema\/logo\/image\/\",\"url\":\"\",\"contentUrl\":\"\",\"caption\":\"Antrix\"},\"image\":{\"@id\":\"https:\/\/antrix.pt\/pt-pt\/#\/schema\/logo\/image\/\"}},{\"@type\":\"Person\",\"@id\":\"https:\/\/antrix.pt\/pt-pt\/#\/schema\/person\/1fd445dfd27972e12ec431e2b62b3588\",\"name\":\"Pedro Limbert\",\"image\":{\"@type\":\"ImageObject\",\"inLanguage\":\"pt-PT\",\"@id\":\"https:\/\/antrix.pt\/pt-pt\/#\/schema\/person\/image\/\",\"url\":\"https:\/\/secure.gravatar.com\/avatar\/af658f1d63650100a1bae539737418e591de7baa923238b358553c27962dc571?s=96&d=mm&r=g\",\"contentUrl\":\"https:\/\/secure.gravatar.com\/avatar\/af658f1d63650100a1bae539737418e591de7baa923238b358553c27962dc571?s=96&d=mm&r=g\",\"caption\":\"Pedro Limbert\"},\"sameAs\":[\"https:\/\/antrix.pt\"],\"url\":\"https:\/\/antrix.pt\/pt-pt\/author\/pedrolimbert\/\"}]}<\/script>\n<!-- \/ Yoast SEO plugin. -->","yoast_head_json":{"title":"F\u00e1brica do Ingl\u00eas vai ser transformada em hotel e Museu da Corti\u00e7a vai reabrir - Antrix","robots":{"index":"index","follow":"follow","max-snippet":"max-snippet:-1","max-image-preview":"max-image-preview:large","max-video-preview":"max-video-preview:-1"},"canonical":"https:\/\/antrix.pt\/pt-pt\/fabrica-do-ingles-vai-ser-transformada-em-hotel-e-museu-da-cortica-vai-reabrir\/","og_locale":"pt_PT","og_type":"article","og_title":"F\u00e1brica do Ingl\u00eas vai ser transformada em hotel e Museu da Corti\u00e7a vai reabrir - Antrix","og_description":"Um dos espa\u00e7os mais emblem\u00e1ticos de Silves, a F\u00e1brica do Ingl\u00eas, foi adquirida pelas promotoras imobili\u00e1rias Antrix e Carvoeiro Branco ...","og_url":"https:\/\/antrix.pt\/pt-pt\/fabrica-do-ingles-vai-ser-transformada-em-hotel-e-museu-da-cortica-vai-reabrir\/","og_site_name":"Antrix","article_published_time":"2025-09-15T09:43:54+00:00","article_modified_time":"2025-09-18T11:16:43+00:00","og_image":[{"width":2500,"height":1406,"url":"https:\/\/antrix.pt\/wp-content\/uploads\/2025\/09\/Antrix-Media-Templates-5-scaled.png","type":"image\/png"}],"author":"Pedro Limbert","twitter_card":"summary_large_image","twitter_misc":{"Escrito por":"Pedro Limbert","Tempo estimado de leitura":"1 minuto"},"schema":{"@context":"https:\/\/schema.org","@graph":[{"@type":"Article","@id":"https:\/\/antrix.pt\/pt-pt\/fabrica-do-ingles-vai-ser-transformada-em-hotel-e-museu-da-cortica-vai-reabrir\/#article","isPartOf":{"@id":"https:\/\/antrix.pt\/pt-pt\/fabrica-do-ingles-vai-ser-transformada-em-hotel-e-museu-da-cortica-vai-reabrir\/"},"author":{"name":"Pedro Limbert","@id":"https:\/\/antrix.pt\/pt-pt\/#\/schema\/person\/1fd445dfd27972e12ec431e2b62b3588"},"headline":"F\u00e1brica do Ingl\u00eas vai ser transformada em hotel e Museu da Corti\u00e7a vai reabrir","datePublished":"2025-09-15T09:43:54+00:00","dateModified":"2025-09-18T11:16:43+00:00","mainEntityOfPage":{"@id":"https:\/\/antrix.pt\/pt-pt\/fabrica-do-ingles-vai-ser-transformada-em-hotel-e-museu-da-cortica-vai-reabrir\/"},"wordCount":343,"commentCount":0,"publisher":{"@id":"https:\/\/antrix.pt\/pt-pt\/#organization"},"image":{"@id":"https:\/\/antrix.pt\/pt-pt\/fabrica-do-ingles-vai-ser-transformada-em-hotel-e-museu-da-cortica-vai-reabrir\/#primaryimage"},"thumbnailUrl":"https:\/\/antrix.pt\/wp-content\/uploads\/2025\/09\/Antrix-Media-Templates-5-scaled.png","keywords":["F\u00e1brica do Ingl\u00eas"],"articleSection":["Not\u00ed\u00adcias &amp; Artigos"],"inLanguage":"pt-PT","potentialAction":[{"@type":"CommentAction","name":"Comment","target":["https:\/\/antrix.pt\/pt-pt\/fabrica-do-ingles-vai-ser-transformada-em-hotel-e-museu-da-cortica-vai-reabrir\/#respond"]}]},{"@type":"WebPage","@id":"https:\/\/antrix.pt\/pt-pt\/fabrica-do-ingles-vai-ser-transformada-em-hotel-e-museu-da-cortica-vai-reabrir\/","url":"https:\/\/antrix.pt\/pt-pt\/fabrica-do-ingles-vai-ser-transformada-em-hotel-e-museu-da-cortica-vai-reabrir\/","name":"F\u00e1brica do Ingl\u00eas vai ser transformada em hotel e Museu da Corti\u00e7a vai reabrir - Antrix","isPartOf":{"@id":"https:\/\/antrix.pt\/pt-pt\/#website"},"primaryImageOfPage":{"@id":"https:\/\/antrix.pt\/pt-pt\/fabrica-do-ingles-vai-ser-transformada-em-hotel-e-museu-da-cortica-vai-reabrir\/#primaryimage"},"image":{"@id":"https:\/\/antrix.pt\/pt-pt\/fabrica-do-ingles-vai-ser-transformada-em-hotel-e-museu-da-cortica-vai-reabrir\/#primaryimage"},"thumbnailUrl":"https:\/\/antrix.pt\/wp-content\/uploads\/2025\/09\/Antrix-Media-Templates-5-scaled.png","datePublished":"2025-09-15T09:43:54+00:00","dateModified":"2025-09-18T11:16:43+00:00","breadcrumb":{"@id":"https:\/\/antrix.pt\/pt-pt\/fabrica-do-ingles-vai-ser-transformada-em-hotel-e-museu-da-cortica-vai-reabrir\/#breadcrumb"},"inLanguage":"pt-PT","potentialAction":[{"@type":"ReadAction","target":["https:\/\/antrix.pt\/pt-pt\/fabrica-do-ingles-vai-ser-transformada-em-hotel-e-museu-da-cortica-vai-reabrir\/"]}]},{"@type":"ImageObject","inLanguage":"pt-PT","@id":"https:\/\/antrix.pt\/pt-pt\/fabrica-do-ingles-vai-ser-transformada-em-hotel-e-museu-da-cortica-vai-reabrir\/#primaryimage","url":"https:\/\/antrix.pt\/wp-content\/uploads\/2025\/09\/Antrix-Media-Templates-5-scaled.png","contentUrl":"https:\/\/antrix.pt\/wp-content\/uploads\/2025\/09\/Antrix-Media-Templates-5-scaled.png","width":2500,"height":1406},{"@type":"BreadcrumbList","@id":"https:\/\/antrix.pt\/pt-pt\/fabrica-do-ingles-vai-ser-transformada-em-hotel-e-museu-da-cortica-vai-reabrir\/#breadcrumb","itemListElement":[{"@type":"ListItem","position":1,"name":"In\u00edcio","item":"https:\/\/antrix.pt\/pt-pt\/home\/"},{"@type":"ListItem","position":2,"name":"F\u00e1brica do Ingl\u00eas vai ser transformada em hotel e Museu da Corti\u00e7a vai reabrir"}]},{"@type":"WebSite","@id":"https:\/\/antrix.pt\/pt-pt\/#website","url":"https:\/\/antrix.pt\/pt-pt\/","name":"Antrix","description":"DEVELOPING WITH PRECISION AND CARE","publisher":{"@id":"https:\/\/antrix.pt\/pt-pt\/#organization"},"potentialAction":[{"@type":"SearchAction","target":{"@type":"EntryPoint","urlTemplate":"https:\/\/antrix.pt\/pt-pt\/?s={search_term_string}"},"query-input":{"@type":"PropertyValueSpecification","valueRequired":true,"valueName":"search_term_string"}}],"inLanguage":"pt-PT"},{"@type":"Organization","@id":"https:\/\/antrix.pt\/pt-pt\/#organization","name":"Antrix","url":"https:\/\/antrix.pt\/pt-pt\/","logo":{"@type":"ImageObject","inLanguage":"pt-PT","@id":"https:\/\/antrix.pt\/pt-pt\/#\/schema\/logo\/image\/","url":"","contentUrl":"","caption":"Antrix"},"image":{"@id":"https:\/\/antrix.pt\/pt-pt\/#\/schema\/logo\/image\/"}},{"@type":"Person","@id":"https:\/\/antrix.pt\/pt-pt\/#\/schema\/person\/1fd445dfd27972e12ec431e2b62b3588","name":"Pedro Limbert","image":{"@type":"ImageObject","inLanguage":"pt-PT","@id":"https:\/\/antrix.pt\/pt-pt\/#\/schema\/person\/image\/","url":"https:\/\/secure.gravatar.com\/avatar\/af658f1d63650100a1bae539737418e591de7baa923238b358553c27962dc571?s=96&d=mm&r=g","contentUrl":"https:\/\/secure.gravatar.com\/avatar\/af658f1d63650100a1bae539737418e591de7baa923238b358553c27962dc571?s=96&d=mm&r=g","caption":"Pedro Limbert"},"sameAs":["https:\/\/antrix.pt"],"url":"https:\/\/antrix.pt\/pt-pt\/author\/pedrolimbert\/"}]}},"_links":{"self":[{"href":"https:\/\/antrix.pt\/pt-pt\/wp-json\/wp\/v2\/posts\/10053","targetHints":{"allow":["GET"]}}],"collection":[{"href":"https:\/\/antrix.pt\/pt-pt\/wp-json\/wp\/v2\/posts"}],"about":[{"href":"https:\/\/antrix.pt\/pt-pt\/wp-json\/wp\/v2\/types\/post"}],"author":[{"embeddable":true,"href":"https:\/\/antrix.pt\/pt-pt\/wp-json\/wp\/v2\/users\/4"}],"replies":[{"embeddable":true,"href":"https:\/\/antrix.pt\/pt-pt\/wp-json\/wp\/v2\/comments?post=10053"}],"version-history":[{"count":7,"href":"https:\/\/antrix.pt\/pt-pt\/wp-json\/wp\/v2\/posts\/10053\/revisions"}],"predecessor-version":[{"id":10060,"href":"https:\/\/antrix.pt\/pt-pt\/wp-json\/wp\/v2\/posts\/10053\/revisions\/10060"}],"wp:featuredmedia":[{"embeddable":true,"href":"https:\/\/antrix.pt\/pt-pt\/wp-json\/wp\/v2\/media\/10122"}],"wp:attachment":[{"href":"https:\/\/antrix.pt\/pt-pt\/wp-json\/wp\/v2\/media?parent=10053"}],"wp:term":[{"taxonomy":"category","embeddable":true,"href":"https:\/\/antrix.pt\/pt-pt\/wp-json\/wp\/v2\/categories?post=10053"},{"taxonomy":"post_tag","embeddable":true,"href":"https:\/\/antrix.pt\/pt-pt\/wp-json\/wp\/v2\/tags?post=10053"}],"curies":[{"name":"wp","href":"https:\/\/api.w.org\/{rel}","templated":true}]}}