{"id":10037,"date":"2025-09-12T16:27:40","date_gmt":"2025-09-12T15:27:40","guid":{"rendered":"https:\/\/antrix.pt\/?p=10037"},"modified":"2025-09-18T12:20:53","modified_gmt":"2025-09-18T11:20:53","slug":"fabrica-do-ingles-foi-adquirida-por-25-milhoes-de-euros-e-vai-dar-lugar-a-um-hotel-de-charme","status":"publish","type":"post","link":"https:\/\/antrix.pt\/pt-pt\/fabrica-do-ingles-foi-adquirida-por-25-milhoes-de-euros-e-vai-dar-lugar-a-um-hotel-de-charme\/","title":{"rendered":"F\u00e1brica do Ingl\u00eas foi adquirida por 25 milh\u00f5es de euros e vai dar lugar a um hotel de charme"},"content":{"rendered":"\t\t<div data-elementor-type=\"wp-post\" data-elementor-id=\"10037\" class=\"elementor elementor-10037\" data-elementor-post-type=\"post\">\n\t\t\t\t<div class=\"elementor-element elementor-element-e171361 animated-fast e-flex e-con-boxed elementor-invisible e-con e-parent\" data-id=\"e171361\" data-element_type=\"container\" data-settings=\"{&quot;background_background&quot;:&quot;classic&quot;,&quot;animation&quot;:&quot;h-neuron-animation--slideUp&quot;}\">\n\t\t\t\t\t<div class=\"e-con-inner\">\n\t\t<div class=\"elementor-element elementor-element-7da5131 e-con-full e-flex e-con e-child\" data-id=\"7da5131\" data-element_type=\"container\">\n\t\t\t\t<div class=\"elementor-element elementor-element-7640e65 elementor-widget elementor-widget-heading\" data-id=\"7640e65\" data-element_type=\"widget\" data-widget_type=\"heading.default\">\n\t\t\t\t<div class=\"elementor-widget-container\">\n\t\t\t\t\t<span class=\"elementor-heading-title elementor-size-default\">12 Setembro 2025<\/span>\t\t\t\t<\/div>\n\t\t\t\t<\/div>\n\t\t\t\t<div class=\"elementor-element elementor-element-c1392d6 elementor-widget elementor-widget-heading\" data-id=\"c1392d6\" data-element_type=\"widget\" data-widget_type=\"heading.default\">\n\t\t\t\t<div class=\"elementor-widget-container\">\n\t\t\t\t\t<span class=\"elementor-heading-title elementor-size-default\"><a href=\"https:\/\/antrix.pt\/pt-pt\/tag\/fabrica-do-ingles-pt-pt\/\" rel=\"tag\">F\u00e1brica do Ingl\u00eas<\/a><\/span>\t\t\t\t<\/div>\n\t\t\t\t<\/div>\n\t\t\t\t<\/div>\n\t\t\t\t<div class=\"elementor-element elementor-element-8b88963 elementor-widget elementor-widget-neuron-post-title elementor-page-title elementor-widget-heading\" data-id=\"8b88963\" data-element_type=\"widget\" data-widget_type=\"neuron-post-title.default\">\n\t\t\t\t<div class=\"elementor-widget-container\">\n\t\t\t\t\t<h3 class=\"elementor-heading-title elementor-size-default\">F\u00e1brica do Ingl\u00eas foi adquirida por 25 milh\u00f5es de euros e vai dar lugar a um hotel de charme<\/h3>\t\t\t\t<\/div>\n\t\t\t\t<\/div>\n\t\t\t\t\t<\/div>\n\t\t\t\t<\/div>\n\t\t<div class=\"elementor-element elementor-element-1b76ddc animated-fast e-flex e-con-boxed elementor-invisible e-con e-parent\" data-id=\"1b76ddc\" data-element_type=\"container\" data-settings=\"{&quot;animation&quot;:&quot;h-neuron-animation--slideUp&quot;}\">\n\t\t\t\t\t<div class=\"e-con-inner\">\n\t\t\t\t<div class=\"elementor-element elementor-element-fe49ccd elementor-widget elementor-widget-text-editor\" data-id=\"fe49ccd\" data-element_type=\"widget\" data-widget_type=\"text-editor.default\">\n\t\t\t\t<div class=\"elementor-widget-container\">\n\t\t\t\t\t\t\t\t\t<em>Source: <span style=\"text-decoration: underline;\"><a href=\"https:\/\/echoboomer.pt\/fabrica-do-ingles-adquirida-25-milhoes-euros\/\">https:\/\/echoboomer.pt\/fabrica-do-ingles-adquirida-25-milhoes-euros\/<\/a><\/span><\/em>\n<h5>\n<h5>F\u00e1brica do Ingl\u00eas foi adquirida por 25 milh\u00f5es de euros e vai dar lugar a um hotel de charme<\/h5>\n<\/p>\n<p class=\"p1\"><strong>E sim, o Museu da Corti\u00e7a na F\u00e1brica do Ingl\u00eas tamb\u00e9m vai reabrir. O projeto de reabilita\u00e7\u00e3o prev\u00ea criar, ao todo, 80 novos postos de trabalho.<\/strong>\n<\/p>\n<p class=\"p1\">A F\u00e1brica do Ingl\u00eas, um dos espa\u00e7os mais emblem\u00e1ticos de Silves, no Algarve, vai ganhar uma nova vida ap\u00f3s a sua aquisi\u00e7\u00e3o pelas promotoras imobili\u00e1rias Antrix e Carvoeiro Branco. O investimento, avaliado em 25 milh\u00f5es de euros, prev\u00ea n\u00e3o s\u00f3 a recupera\u00e7\u00e3o do complexo hist\u00f3rico, mas tamb\u00e9m a cria\u00e7\u00e3o de novas din\u00e2micas culturais e econ\u00f3micas para o concelho e para a regi\u00e3o.\n<\/p>\n<p class=\"p1\">O projeto contempla a reabertura do Museu da Corti\u00e7a, distinguido em 2001 como o melhor museu industrial europeu. A iniciativa pretende devolver \u00e0 cidade um espa\u00e7o de refer\u00eancia cultural, preservando a mem\u00f3ria industrial ligada \u00e0 transforma\u00e7\u00e3o da corti\u00e7a, atividade que marcou a hist\u00f3ria econ\u00f3mica do Algarve.\n<\/p>\n<p class=\"p1\">As obras dever\u00e3o arrancar em 2026, com um prazo estimado de dois a tr\u00eas anos at\u00e9 \u00e0 conclus\u00e3o. Para al\u00e9m da recupera\u00e7\u00e3o dos edif\u00edcios hist\u00f3ricos, est\u00e1 prevista a reabilita\u00e7\u00e3o do ic\u00f3nico chal\u00e9 do s\u00e9culo XIX, que continuar\u00e1 a acolher uma casa de ch\u00e1. Parte das instala\u00e7\u00f5es ser\u00e1 tamb\u00e9m adaptada para receber os escrit\u00f3rios da Antrix e da Carvoeiro Branco, refor\u00e7ando a liga\u00e7\u00e3o das empresas ao territ\u00f3rio. Outro dos eixos centrais do projeto \u00e9 a cria\u00e7\u00e3o de uma unidade hoteleira de charme, estimando-se a abertura de cerca de 80 novos postos de trabalho.\n<\/p>\n<p class=\"p1\">Constru\u00edda em 1894, a F\u00e1brica do Ingl\u00eas surgiu como unidade de transforma\u00e7\u00e3o de corti\u00e7a, setor que se destacou como um dos mais importantes para a economia algarvia nos s\u00e9culos XIX e XX. O nome pelo qual ficou conhecida deve-se a Victor Sadler, cidad\u00e3o brit\u00e2nico contratado em 1908 para gerir a unidade fabril. Ap\u00f3s o encerramento da atividade industrial, o espa\u00e7o foi reabilitado e reabriu em 1999 como Museu da Corti\u00e7a, tornando-se uma refer\u00eancia nacional e recebendo concertos, exposi\u00e7\u00f5es e outros eventos culturais.\n<\/p>\n<p class=\"p1\">A partir de 2009, na sequ\u00eancia da insolv\u00eancia da entidade gestora, o complexo encerrou portas, entrando num per\u00edodo de abandono e degrada\u00e7\u00e3o. O interesse manifestado pela Antrix e pela Carvoeiro Branco surgiu nesse contexto, com o objetivo de travar a deteriora\u00e7\u00e3o do espa\u00e7o e devolver-lhe utilidade.\t\t\t\t\t\t\t\t<\/div>\n\t\t\t\t<\/div>\n\t\t\t\t\t<\/div>\n\t\t\t\t<\/div>\n\t\t<div class=\"elementor-element elementor-element-cd2fa53 animated-fast e-flex e-con-boxed elementor-invisible e-con e-parent\" data-id=\"cd2fa53\" data-element_type=\"container\" data-settings=\"{&quot;animation&quot;:&quot;h-neuron-animation--slideUp&quot;}\">\n\t\t\t\t\t<div class=\"e-con-inner\">\n\t\t<div class=\"elementor-element elementor-element-109933b e-con-full e-flex e-con e-child\" data-id=\"109933b\" data-element_type=\"container\">\n\t\t\t\t<div class=\"elementor-element elementor-element-6ee1856 elementor-widget elementor-widget-neuron-post-navigation\" data-id=\"6ee1856\" data-element_type=\"widget\" data-widget_type=\"neuron-post-navigation.default\">\n\t\t\t\t<div class=\"elementor-widget-container\">\n\t\t\t\t\t\t\t<div class=\"o-post-navigation\">\r\n\r\n\t\t\t\r\n\t\t\t\t\t\t\t<div class=\"o-post-navigation__link o-post-navigation__link--prev\" >\r\n\t\t\t\t\t<a href=\"https:\/\/antrix.pt\/pt-pt\/antrix-e-carvoeiro-branco-anunciam-investimento-de-25-milhoes-na-compra-da-fabrica-do-ingles-em-silves\/\" rel=\"prev\"><div class=\"o-post-navigation__icon left\">\r\n\t\t\t \r\n\t\t\t<span class=\"o-post-navigation__label\">Anterior<\/span>\r\n\t\t\t<\/div>\r\n\t\t\t<span class=\"o-post-navigation__title\">Antrix e Carvoeiro Branco anunciam investimento de 25 milh\u00f5es na compra da F\u00e1brica do Ingl\u00eas em Silves<\/span><\/a>\t\t\t\t<\/div>\r\n\t\t\t\r\n\t\t\t\t\t\t\t<div class=\"o-post-navigation__link o-post-navigation__link--next\" >\r\n\t\t\t\t\t<a href=\"https:\/\/antrix.pt\/pt-pt\/fabrica-do-ingles-vai-ser-transformada-em-hotel-e-museu-da-cortica-vai-reabrir\/\" rel=\"next\"><div class=\"o-post-navigation__icon right\">\r\n\t\t\t<span class=\"o-post-navigation__label\">Pr\u00f3ximo<\/span> \r\n\t\t\t<\/div>\r\n\t\t\t<span class=\"o-post-navigation__title\">F\u00e1brica do Ingl\u00eas vai ser transformada em hotel e Museu da Corti\u00e7a vai reabrir<\/span><\/a>\t\t\t\t<\/div>\r\n\t\t\t\t\t<\/div>\r\n\t\t\t\t\t<\/div>\n\t\t\t\t<\/div>\n\t\t\t\t<\/div>\n\t\t\t\t\t<\/div>\n\t\t\t\t<\/div>\n\t\t\t\t<\/div>\n\t\t","protected":false},"excerpt":{"rendered":"<p>A F\u00e1brica do Ingl\u00eas, um dos espa\u00e7os mais emblem\u00e1ticos de Silves, no Algarve, vai ganhar uma nova vida ap\u00f3s a sua aquisi\u00e7\u00e3o &#8230;<\/p>\n","protected":false},"author":4,"featured_media":10125,"comment_status":"open","ping_status":"open","sticky":false,"template":"elementor_header_footer","format":"standard","meta":{"footnotes":""},"categories":[113],"tags":[132],"class_list":["post-10037","post","type-post","status-publish","format-standard","has-post-thumbnail","hentry","category-noticias-artigos","tag-fabrica-do-ingles-pt-pt"],"yoast_head":"<!-- This site is optimized with the Yoast SEO plugin v25.0 - https:\/\/yoast.com\/wordpress\/plugins\/seo\/ -->\n<title>F\u00e1brica do Ingl\u00eas foi adquirida por 25 milh\u00f5es de euros e vai dar lugar a um hotel de charme - Antrix<\/title>\n<meta name=\"robots\" content=\"index, follow, max-snippet:-1, max-image-preview:large, max-video-preview:-1\" \/>\n<link rel=\"canonical\" href=\"https:\/\/antrix.pt\/pt-pt\/fabrica-do-ingles-foi-adquirida-por-25-milhoes-de-euros-e-vai-dar-lugar-a-um-hotel-de-charme\/\" \/>\n<meta property=\"og:locale\" content=\"pt_PT\" \/>\n<meta property=\"og:type\" content=\"article\" \/>\n<meta property=\"og:title\" content=\"F\u00e1brica do Ingl\u00eas foi adquirida por 25 milh\u00f5es de euros e vai dar lugar a um hotel de charme - Antrix\" \/>\n<meta property=\"og:description\" content=\"A F\u00e1brica do Ingl\u00eas, um dos espa\u00e7os mais emblem\u00e1ticos de Silves, no Algarve, vai ganhar uma nova vida ap\u00f3s a sua aquisi\u00e7\u00e3o ...\" \/>\n<meta property=\"og:url\" content=\"https:\/\/antrix.pt\/pt-pt\/fabrica-do-ingles-foi-adquirida-por-25-milhoes-de-euros-e-vai-dar-lugar-a-um-hotel-de-charme\/\" \/>\n<meta property=\"og:site_name\" content=\"Antrix\" \/>\n<meta property=\"article:published_time\" content=\"2025-09-12T15:27:40+00:00\" \/>\n<meta property=\"article:modified_time\" content=\"2025-09-18T11:20:53+00:00\" \/>\n<meta property=\"og:image\" content=\"https:\/\/antrix.pt\/wp-content\/uploads\/2025\/09\/Antrix-Media-Templates-6-scaled.png\" \/>\n\t<meta property=\"og:image:width\" content=\"2500\" \/>\n\t<meta property=\"og:image:height\" content=\"1406\" \/>\n\t<meta property=\"og:image:type\" content=\"image\/png\" \/>\n<meta name=\"author\" content=\"Pedro Limbert\" \/>\n<meta name=\"twitter:card\" content=\"summary_large_image\" \/>\n<meta name=\"twitter:label1\" content=\"Escrito por\" \/>\n\t<meta name=\"twitter:data1\" content=\"Pedro Limbert\" \/>\n\t<meta name=\"twitter:label2\" content=\"Tempo estimado de leitura\" \/>\n\t<meta name=\"twitter:data2\" content=\"2 minutos\" \/>\n<script type=\"application\/ld+json\" class=\"yoast-schema-graph\">{\"@context\":\"https:\/\/schema.org\",\"@graph\":[{\"@type\":\"Article\",\"@id\":\"https:\/\/antrix.pt\/pt-pt\/fabrica-do-ingles-foi-adquirida-por-25-milhoes-de-euros-e-vai-dar-lugar-a-um-hotel-de-charme\/#article\",\"isPartOf\":{\"@id\":\"https:\/\/antrix.pt\/pt-pt\/fabrica-do-ingles-foi-adquirida-por-25-milhoes-de-euros-e-vai-dar-lugar-a-um-hotel-de-charme\/\"},\"author\":{\"name\":\"Pedro Limbert\",\"@id\":\"https:\/\/antrix.pt\/pt-pt\/#\/schema\/person\/1fd445dfd27972e12ec431e2b62b3588\"},\"headline\":\"F\u00e1brica do Ingl\u00eas foi adquirida por 25 milh\u00f5es de euros e vai dar lugar a um hotel de charme\",\"datePublished\":\"2025-09-12T15:27:40+00:00\",\"dateModified\":\"2025-09-18T11:20:53+00:00\",\"mainEntityOfPage\":{\"@id\":\"https:\/\/antrix.pt\/pt-pt\/fabrica-do-ingles-foi-adquirida-por-25-milhoes-de-euros-e-vai-dar-lugar-a-um-hotel-de-charme\/\"},\"wordCount\":471,\"commentCount\":0,\"publisher\":{\"@id\":\"https:\/\/antrix.pt\/pt-pt\/#organization\"},\"image\":{\"@id\":\"https:\/\/antrix.pt\/pt-pt\/fabrica-do-ingles-foi-adquirida-por-25-milhoes-de-euros-e-vai-dar-lugar-a-um-hotel-de-charme\/#primaryimage\"},\"thumbnailUrl\":\"https:\/\/antrix.pt\/wp-content\/uploads\/2025\/09\/Antrix-Media-Templates-6-scaled.png\",\"keywords\":[\"F\u00e1brica do Ingl\u00eas\"],\"articleSection\":[\"Not\u00ed\u00adcias &amp; Artigos\"],\"inLanguage\":\"pt-PT\",\"potentialAction\":[{\"@type\":\"CommentAction\",\"name\":\"Comment\",\"target\":[\"https:\/\/antrix.pt\/pt-pt\/fabrica-do-ingles-foi-adquirida-por-25-milhoes-de-euros-e-vai-dar-lugar-a-um-hotel-de-charme\/#respond\"]}]},{\"@type\":\"WebPage\",\"@id\":\"https:\/\/antrix.pt\/pt-pt\/fabrica-do-ingles-foi-adquirida-por-25-milhoes-de-euros-e-vai-dar-lugar-a-um-hotel-de-charme\/\",\"url\":\"https:\/\/antrix.pt\/pt-pt\/fabrica-do-ingles-foi-adquirida-por-25-milhoes-de-euros-e-vai-dar-lugar-a-um-hotel-de-charme\/\",\"name\":\"F\u00e1brica do Ingl\u00eas foi adquirida por 25 milh\u00f5es de euros e vai dar lugar a um hotel de charme - Antrix\",\"isPartOf\":{\"@id\":\"https:\/\/antrix.pt\/pt-pt\/#website\"},\"primaryImageOfPage\":{\"@id\":\"https:\/\/antrix.pt\/pt-pt\/fabrica-do-ingles-foi-adquirida-por-25-milhoes-de-euros-e-vai-dar-lugar-a-um-hotel-de-charme\/#primaryimage\"},\"image\":{\"@id\":\"https:\/\/antrix.pt\/pt-pt\/fabrica-do-ingles-foi-adquirida-por-25-milhoes-de-euros-e-vai-dar-lugar-a-um-hotel-de-charme\/#primaryimage\"},\"thumbnailUrl\":\"https:\/\/antrix.pt\/wp-content\/uploads\/2025\/09\/Antrix-Media-Templates-6-scaled.png\",\"datePublished\":\"2025-09-12T15:27:40+00:00\",\"dateModified\":\"2025-09-18T11:20:53+00:00\",\"breadcrumb\":{\"@id\":\"https:\/\/antrix.pt\/pt-pt\/fabrica-do-ingles-foi-adquirida-por-25-milhoes-de-euros-e-vai-dar-lugar-a-um-hotel-de-charme\/#breadcrumb\"},\"inLanguage\":\"pt-PT\",\"potentialAction\":[{\"@type\":\"ReadAction\",\"target\":[\"https:\/\/antrix.pt\/pt-pt\/fabrica-do-ingles-foi-adquirida-por-25-milhoes-de-euros-e-vai-dar-lugar-a-um-hotel-de-charme\/\"]}]},{\"@type\":\"ImageObject\",\"inLanguage\":\"pt-PT\",\"@id\":\"https:\/\/antrix.pt\/pt-pt\/fabrica-do-ingles-foi-adquirida-por-25-milhoes-de-euros-e-vai-dar-lugar-a-um-hotel-de-charme\/#primaryimage\",\"url\":\"https:\/\/antrix.pt\/wp-content\/uploads\/2025\/09\/Antrix-Media-Templates-6-scaled.png\",\"contentUrl\":\"https:\/\/antrix.pt\/wp-content\/uploads\/2025\/09\/Antrix-Media-Templates-6-scaled.png\",\"width\":2500,\"height\":1406},{\"@type\":\"BreadcrumbList\",\"@id\":\"https:\/\/antrix.pt\/pt-pt\/fabrica-do-ingles-foi-adquirida-por-25-milhoes-de-euros-e-vai-dar-lugar-a-um-hotel-de-charme\/#breadcrumb\",\"itemListElement\":[{\"@type\":\"ListItem\",\"position\":1,\"name\":\"In\u00edcio\",\"item\":\"https:\/\/antrix.pt\/pt-pt\/home\/\"},{\"@type\":\"ListItem\",\"position\":2,\"name\":\"F\u00e1brica do Ingl\u00eas foi adquirida por 25 milh\u00f5es de euros e vai dar lugar a um hotel de charme\"}]},{\"@type\":\"WebSite\",\"@id\":\"https:\/\/antrix.pt\/pt-pt\/#website\",\"url\":\"https:\/\/antrix.pt\/pt-pt\/\",\"name\":\"Antrix\",\"description\":\"DEVELOPING WITH PRECISION AND CARE\",\"publisher\":{\"@id\":\"https:\/\/antrix.pt\/pt-pt\/#organization\"},\"potentialAction\":[{\"@type\":\"SearchAction\",\"target\":{\"@type\":\"EntryPoint\",\"urlTemplate\":\"https:\/\/antrix.pt\/pt-pt\/?s={search_term_string}\"},\"query-input\":{\"@type\":\"PropertyValueSpecification\",\"valueRequired\":true,\"valueName\":\"search_term_string\"}}],\"inLanguage\":\"pt-PT\"},{\"@type\":\"Organization\",\"@id\":\"https:\/\/antrix.pt\/pt-pt\/#organization\",\"name\":\"Antrix\",\"url\":\"https:\/\/antrix.pt\/pt-pt\/\",\"logo\":{\"@type\":\"ImageObject\",\"inLanguage\":\"pt-PT\",\"@id\":\"https:\/\/antrix.pt\/pt-pt\/#\/schema\/logo\/image\/\",\"url\":\"\",\"contentUrl\":\"\",\"caption\":\"Antrix\"},\"image\":{\"@id\":\"https:\/\/antrix.pt\/pt-pt\/#\/schema\/logo\/image\/\"}},{\"@type\":\"Person\",\"@id\":\"https:\/\/antrix.pt\/pt-pt\/#\/schema\/person\/1fd445dfd27972e12ec431e2b62b3588\",\"name\":\"Pedro Limbert\",\"image\":{\"@type\":\"ImageObject\",\"inLanguage\":\"pt-PT\",\"@id\":\"https:\/\/antrix.pt\/pt-pt\/#\/schema\/person\/image\/\",\"url\":\"https:\/\/secure.gravatar.com\/avatar\/af658f1d63650100a1bae539737418e591de7baa923238b358553c27962dc571?s=96&d=mm&r=g\",\"contentUrl\":\"https:\/\/secure.gravatar.com\/avatar\/af658f1d63650100a1bae539737418e591de7baa923238b358553c27962dc571?s=96&d=mm&r=g\",\"caption\":\"Pedro Limbert\"},\"sameAs\":[\"https:\/\/antrix.pt\"],\"url\":\"https:\/\/antrix.pt\/pt-pt\/author\/pedrolimbert\/\"}]}<\/script>\n<!-- \/ Yoast SEO plugin. -->","yoast_head_json":{"title":"F\u00e1brica do Ingl\u00eas foi adquirida por 25 milh\u00f5es de euros e vai dar lugar a um hotel de charme - Antrix","robots":{"index":"index","follow":"follow","max-snippet":"max-snippet:-1","max-image-preview":"max-image-preview:large","max-video-preview":"max-video-preview:-1"},"canonical":"https:\/\/antrix.pt\/pt-pt\/fabrica-do-ingles-foi-adquirida-por-25-milhoes-de-euros-e-vai-dar-lugar-a-um-hotel-de-charme\/","og_locale":"pt_PT","og_type":"article","og_title":"F\u00e1brica do Ingl\u00eas foi adquirida por 25 milh\u00f5es de euros e vai dar lugar a um hotel de charme - Antrix","og_description":"A F\u00e1brica do Ingl\u00eas, um dos espa\u00e7os mais emblem\u00e1ticos de Silves, no Algarve, vai ganhar uma nova vida ap\u00f3s a sua aquisi\u00e7\u00e3o ...","og_url":"https:\/\/antrix.pt\/pt-pt\/fabrica-do-ingles-foi-adquirida-por-25-milhoes-de-euros-e-vai-dar-lugar-a-um-hotel-de-charme\/","og_site_name":"Antrix","article_published_time":"2025-09-12T15:27:40+00:00","article_modified_time":"2025-09-18T11:20:53+00:00","og_image":[{"width":2500,"height":1406,"url":"https:\/\/antrix.pt\/wp-content\/uploads\/2025\/09\/Antrix-Media-Templates-6-scaled.png","type":"image\/png"}],"author":"Pedro Limbert","twitter_card":"summary_large_image","twitter_misc":{"Escrito por":"Pedro Limbert","Tempo estimado de leitura":"2 minutos"},"schema":{"@context":"https:\/\/schema.org","@graph":[{"@type":"Article","@id":"https:\/\/antrix.pt\/pt-pt\/fabrica-do-ingles-foi-adquirida-por-25-milhoes-de-euros-e-vai-dar-lugar-a-um-hotel-de-charme\/#article","isPartOf":{"@id":"https:\/\/antrix.pt\/pt-pt\/fabrica-do-ingles-foi-adquirida-por-25-milhoes-de-euros-e-vai-dar-lugar-a-um-hotel-de-charme\/"},"author":{"name":"Pedro Limbert","@id":"https:\/\/antrix.pt\/pt-pt\/#\/schema\/person\/1fd445dfd27972e12ec431e2b62b3588"},"headline":"F\u00e1brica do Ingl\u00eas foi adquirida por 25 milh\u00f5es de euros e vai dar lugar a um hotel de charme","datePublished":"2025-09-12T15:27:40+00:00","dateModified":"2025-09-18T11:20:53+00:00","mainEntityOfPage":{"@id":"https:\/\/antrix.pt\/pt-pt\/fabrica-do-ingles-foi-adquirida-por-25-milhoes-de-euros-e-vai-dar-lugar-a-um-hotel-de-charme\/"},"wordCount":471,"commentCount":0,"publisher":{"@id":"https:\/\/antrix.pt\/pt-pt\/#organization"},"image":{"@id":"https:\/\/antrix.pt\/pt-pt\/fabrica-do-ingles-foi-adquirida-por-25-milhoes-de-euros-e-vai-dar-lugar-a-um-hotel-de-charme\/#primaryimage"},"thumbnailUrl":"https:\/\/antrix.pt\/wp-content\/uploads\/2025\/09\/Antrix-Media-Templates-6-scaled.png","keywords":["F\u00e1brica do Ingl\u00eas"],"articleSection":["Not\u00ed\u00adcias &amp; Artigos"],"inLanguage":"pt-PT","potentialAction":[{"@type":"CommentAction","name":"Comment","target":["https:\/\/antrix.pt\/pt-pt\/fabrica-do-ingles-foi-adquirida-por-25-milhoes-de-euros-e-vai-dar-lugar-a-um-hotel-de-charme\/#respond"]}]},{"@type":"WebPage","@id":"https:\/\/antrix.pt\/pt-pt\/fabrica-do-ingles-foi-adquirida-por-25-milhoes-de-euros-e-vai-dar-lugar-a-um-hotel-de-charme\/","url":"https:\/\/antrix.pt\/pt-pt\/fabrica-do-ingles-foi-adquirida-por-25-milhoes-de-euros-e-vai-dar-lugar-a-um-hotel-de-charme\/","name":"F\u00e1brica do Ingl\u00eas foi adquirida por 25 milh\u00f5es de euros e vai dar lugar a um hotel de charme - Antrix","isPartOf":{"@id":"https:\/\/antrix.pt\/pt-pt\/#website"},"primaryImageOfPage":{"@id":"https:\/\/antrix.pt\/pt-pt\/fabrica-do-ingles-foi-adquirida-por-25-milhoes-de-euros-e-vai-dar-lugar-a-um-hotel-de-charme\/#primaryimage"},"image":{"@id":"https:\/\/antrix.pt\/pt-pt\/fabrica-do-ingles-foi-adquirida-por-25-milhoes-de-euros-e-vai-dar-lugar-a-um-hotel-de-charme\/#primaryimage"},"thumbnailUrl":"https:\/\/antrix.pt\/wp-content\/uploads\/2025\/09\/Antrix-Media-Templates-6-scaled.png","datePublished":"2025-09-12T15:27:40+00:00","dateModified":"2025-09-18T11:20:53+00:00","breadcrumb":{"@id":"https:\/\/antrix.pt\/pt-pt\/fabrica-do-ingles-foi-adquirida-por-25-milhoes-de-euros-e-vai-dar-lugar-a-um-hotel-de-charme\/#breadcrumb"},"inLanguage":"pt-PT","potentialAction":[{"@type":"ReadAction","target":["https:\/\/antrix.pt\/pt-pt\/fabrica-do-ingles-foi-adquirida-por-25-milhoes-de-euros-e-vai-dar-lugar-a-um-hotel-de-charme\/"]}]},{"@type":"ImageObject","inLanguage":"pt-PT","@id":"https:\/\/antrix.pt\/pt-pt\/fabrica-do-ingles-foi-adquirida-por-25-milhoes-de-euros-e-vai-dar-lugar-a-um-hotel-de-charme\/#primaryimage","url":"https:\/\/antrix.pt\/wp-content\/uploads\/2025\/09\/Antrix-Media-Templates-6-scaled.png","contentUrl":"https:\/\/antrix.pt\/wp-content\/uploads\/2025\/09\/Antrix-Media-Templates-6-scaled.png","width":2500,"height":1406},{"@type":"BreadcrumbList","@id":"https:\/\/antrix.pt\/pt-pt\/fabrica-do-ingles-foi-adquirida-por-25-milhoes-de-euros-e-vai-dar-lugar-a-um-hotel-de-charme\/#breadcrumb","itemListElement":[{"@type":"ListItem","position":1,"name":"In\u00edcio","item":"https:\/\/antrix.pt\/pt-pt\/home\/"},{"@type":"ListItem","position":2,"name":"F\u00e1brica do Ingl\u00eas foi adquirida por 25 milh\u00f5es de euros e vai dar lugar a um hotel de charme"}]},{"@type":"WebSite","@id":"https:\/\/antrix.pt\/pt-pt\/#website","url":"https:\/\/antrix.pt\/pt-pt\/","name":"Antrix","description":"DEVELOPING WITH PRECISION AND CARE","publisher":{"@id":"https:\/\/antrix.pt\/pt-pt\/#organization"},"potentialAction":[{"@type":"SearchAction","target":{"@type":"EntryPoint","urlTemplate":"https:\/\/antrix.pt\/pt-pt\/?s={search_term_string}"},"query-input":{"@type":"PropertyValueSpecification","valueRequired":true,"valueName":"search_term_string"}}],"inLanguage":"pt-PT"},{"@type":"Organization","@id":"https:\/\/antrix.pt\/pt-pt\/#organization","name":"Antrix","url":"https:\/\/antrix.pt\/pt-pt\/","logo":{"@type":"ImageObject","inLanguage":"pt-PT","@id":"https:\/\/antrix.pt\/pt-pt\/#\/schema\/logo\/image\/","url":"","contentUrl":"","caption":"Antrix"},"image":{"@id":"https:\/\/antrix.pt\/pt-pt\/#\/schema\/logo\/image\/"}},{"@type":"Person","@id":"https:\/\/antrix.pt\/pt-pt\/#\/schema\/person\/1fd445dfd27972e12ec431e2b62b3588","name":"Pedro Limbert","image":{"@type":"ImageObject","inLanguage":"pt-PT","@id":"https:\/\/antrix.pt\/pt-pt\/#\/schema\/person\/image\/","url":"https:\/\/secure.gravatar.com\/avatar\/af658f1d63650100a1bae539737418e591de7baa923238b358553c27962dc571?s=96&d=mm&r=g","contentUrl":"https:\/\/secure.gravatar.com\/avatar\/af658f1d63650100a1bae539737418e591de7baa923238b358553c27962dc571?s=96&d=mm&r=g","caption":"Pedro Limbert"},"sameAs":["https:\/\/antrix.pt"],"url":"https:\/\/antrix.pt\/pt-pt\/author\/pedrolimbert\/"}]}},"_links":{"self":[{"href":"https:\/\/antrix.pt\/pt-pt\/wp-json\/wp\/v2\/posts\/10037","targetHints":{"allow":["GET"]}}],"collection":[{"href":"https:\/\/antrix.pt\/pt-pt\/wp-json\/wp\/v2\/posts"}],"about":[{"href":"https:\/\/antrix.pt\/pt-pt\/wp-json\/wp\/v2\/types\/post"}],"author":[{"embeddable":true,"href":"https:\/\/antrix.pt\/pt-pt\/wp-json\/wp\/v2\/users\/4"}],"replies":[{"embeddable":true,"href":"https:\/\/antrix.pt\/pt-pt\/wp-json\/wp\/v2\/comments?post=10037"}],"version-history":[{"count":7,"href":"https:\/\/antrix.pt\/pt-pt\/wp-json\/wp\/v2\/posts\/10037\/revisions"}],"predecessor-version":[{"id":10044,"href":"https:\/\/antrix.pt\/pt-pt\/wp-json\/wp\/v2\/posts\/10037\/revisions\/10044"}],"wp:featuredmedia":[{"embeddable":true,"href":"https:\/\/antrix.pt\/pt-pt\/wp-json\/wp\/v2\/media\/10125"}],"wp:attachment":[{"href":"https:\/\/antrix.pt\/pt-pt\/wp-json\/wp\/v2\/media?parent=10037"}],"wp:term":[{"taxonomy":"category","embeddable":true,"href":"https:\/\/antrix.pt\/pt-pt\/wp-json\/wp\/v2\/categories?post=10037"},{"taxonomy":"post_tag","embeddable":true,"href":"https:\/\/antrix.pt\/pt-pt\/wp-json\/wp\/v2\/tags?post=10037"}],"curies":[{"name":"wp","href":"https:\/\/api.w.org\/{rel}","templated":true}]}}