{"id":10029,"date":"2025-09-11T16:19:49","date_gmt":"2025-09-11T15:19:49","guid":{"rendered":"https:\/\/antrix.pt\/?p=10029"},"modified":"2025-11-26T10:58:58","modified_gmt":"2025-11-26T10:58:58","slug":"fabrica-do-ingles-em-silves-reabre-museu-da-cortica-e-um-boutique-hotel","status":"publish","type":"post","link":"https:\/\/antrix.pt\/pt-pt\/fabrica-do-ingles-em-silves-reabre-museu-da-cortica-e-um-boutique-hotel\/","title":{"rendered":"F\u00e1brica do Ingl\u00eas em Silves reabre Museu da Corti\u00e7a e um \u2018boutique\u2019 hotel"},"content":{"rendered":"\t\t<div data-elementor-type=\"wp-post\" data-elementor-id=\"10029\" class=\"elementor elementor-10029\" data-elementor-post-type=\"post\">\n\t\t\t\t<div class=\"elementor-element elementor-element-e171361 animated-fast e-flex e-con-boxed elementor-invisible e-con e-parent\" data-id=\"e171361\" data-element_type=\"container\" data-settings=\"{&quot;background_background&quot;:&quot;classic&quot;,&quot;animation&quot;:&quot;h-neuron-animation--slideUp&quot;}\">\n\t\t\t\t\t<div class=\"e-con-inner\">\n\t\t<div class=\"elementor-element elementor-element-7da5131 e-con-full e-flex e-con e-child\" data-id=\"7da5131\" data-element_type=\"container\">\n\t\t\t\t<div class=\"elementor-element elementor-element-7640e65 elementor-widget elementor-widget-heading\" data-id=\"7640e65\" data-element_type=\"widget\" data-widget_type=\"heading.default\">\n\t\t\t\t<div class=\"elementor-widget-container\">\n\t\t\t\t\t<span class=\"elementor-heading-title elementor-size-default\">11 Setembro 2025<\/span>\t\t\t\t<\/div>\n\t\t\t\t<\/div>\n\t\t\t\t<div class=\"elementor-element elementor-element-c1392d6 elementor-widget elementor-widget-heading\" data-id=\"c1392d6\" data-element_type=\"widget\" data-widget_type=\"heading.default\">\n\t\t\t\t<div class=\"elementor-widget-container\">\n\t\t\t\t\t<span class=\"elementor-heading-title elementor-size-default\"><a href=\"https:\/\/antrix.pt\/pt-pt\/tag\/fabrica-do-ingles-pt-pt\/\" rel=\"tag\">F\u00e1brica do Ingl\u00eas<\/a><\/span>\t\t\t\t<\/div>\n\t\t\t\t<\/div>\n\t\t\t\t<\/div>\n\t\t\t\t<div class=\"elementor-element elementor-element-8b88963 elementor-widget elementor-widget-neuron-post-title elementor-page-title elementor-widget-heading\" data-id=\"8b88963\" data-element_type=\"widget\" data-widget_type=\"neuron-post-title.default\">\n\t\t\t\t<div class=\"elementor-widget-container\">\n\t\t\t\t\t<h3 class=\"elementor-heading-title elementor-size-default\">F\u00e1brica do Ingl\u00eas em Silves reabre Museu da Corti\u00e7a e um \u2018boutique\u2019 hotel<\/h3>\t\t\t\t<\/div>\n\t\t\t\t<\/div>\n\t\t\t\t\t<\/div>\n\t\t\t\t<\/div>\n\t\t<div class=\"elementor-element elementor-element-1b76ddc animated-fast e-flex e-con-boxed elementor-invisible e-con e-parent\" data-id=\"1b76ddc\" data-element_type=\"container\" data-settings=\"{&quot;animation&quot;:&quot;h-neuron-animation--slideUp&quot;}\">\n\t\t\t\t\t<div class=\"e-con-inner\">\n\t\t\t\t<div class=\"elementor-element elementor-element-fe49ccd elementor-widget elementor-widget-text-editor\" data-id=\"fe49ccd\" data-element_type=\"widget\" data-widget_type=\"text-editor.default\">\n\t\t\t\t<div class=\"elementor-widget-container\">\n\t\t\t\t\t\t\t\t\t<em>Source: <span style=\"text-decoration: underline;\"><a href=\"https:\/\/sapo.pt\/artigo\/fabrica-do-ingles-em-silves-reabre-museu-da-cortica-e-um-boutique-hotel-68c2f9e257f9fb4848b44fa5\">https:\/\/sapo.pt\/artigo\/fabrica-do-ingles-em-silves-reabre-museu-da-cortica-e-um-boutique-hotel-68c2f9e257f9fb4848b44fa5<\/a><\/span><\/em>\n<h5><h5>F\u00e1brica do Ingl\u00eas em Silves reabre Museu da Corti\u00e7a e um \u2018boutique\u2019 hotel\n<\/h5><\/p>\n<p class=\"p1\">O complexo foi comprado pelas promotoras imobili\u00e1rias Antrix e a Carvoeiro Branco, que preveem reabilitar os edif\u00edcios hist\u00f3ricos, reabrir o Museu da Corti\u00e7a e criar um boutique hotel com 50 quartos.\n<\/p>\n<p class=\"p1\">A F\u00e1brica do Ingl\u00eas, em Silves, no Algarve, complexo de anima\u00e7\u00e3o cultural encerrado em 2010, vai ser reabilitada para reabrir o Museu da Corti\u00e7a, que ali existia, e um hotel de charme, anunciaram os compradores.\n<\/p>\n<p class=\"p1\">O complexo foi adquirido pelas promotoras imobili\u00e1rias Antrix e a Carvoeiro Branco, que preveem reabilitar os edif\u00edcios hist\u00f3ricos, reabrir o Museu da Corti\u00e7a e criar um \u2018boutique\u2019 hotel com 50 quartos, ao abrigo de um investimento de 25 milh\u00f5es de euros, l\u00ea-se num comunicado.\n<\/p>\n<p class=\"p1\">As obras, que dever\u00e3o iniciar-se em 2026, com um prazo de conclus\u00e3o estimado de dois a tr\u00eas anos, contemplam a reabilita\u00e7\u00e3o e revitaliza\u00e7\u00e3o do complexo do s\u00e9culo XIX incluindo o antigo chalet, que ser\u00e1 recuperado para continuar a funcionar como casa de ch\u00e1.\n<\/p>\n<p class=\"p1\">Em declara\u00e7\u00f5es \u00e0 Lusa, Erik de Vlieger, fundador da Carvoeiro Branco, disse que o ponto de partida \u00e9 a reabertura do museu, distinguido em 2001 como o melhor museu industrial da Europa \u2013, ano em que recebeu mais de 100 mil visitantes \u2013, estimando que possa reabrir antes do ver\u00e3o do pr\u00f3ximo ano.\n<\/p>\n<p class=\"p1\">\u201cA oportunidade de, quase heroicamente, devolver vida a um espa\u00e7o t\u00e3o emblem\u00e1tico \u2014 que acabou por ser deixado ao abandono ap\u00f3s um \u00faltimo investimento mal conduzido \u2014 representa n\u00e3o s\u00f3 um desafio, mas tamb\u00e9m um dever de responsabilidade patrimonial\u201d, referiu aquele respons\u00e1vel.\n<\/p>\n<p class=\"p1\">No interior de um dos edif\u00edcios hist\u00f3ricos reabilitados, est\u00e1 igualmente prevista a instala\u00e7\u00e3o dos futuros escrit\u00f3rios da Antrix e da Carvoeiro Branco, que est\u00e3o sediadas no Algarve, num projeto que prev\u00ea a cria\u00e7\u00e3o de cerca de 80 novos postos de trabalho. Sem querer adiantar o valor da aquisi\u00e7\u00e3o, aquele respons\u00e1vel sublinhou que o estado devoluto e de deteriora\u00e7\u00e3o em que a F\u00e1brica do Ingl\u00eas se encontrava contrastava com o seu imenso valor em patrim\u00f3nio arquitet\u00f3nico, cultural e hist\u00f3rico.\n<\/p>\n<p class=\"p1\">\u201cO peso da sua hist\u00f3ria, ligada \u00e0 mem\u00f3ria industrial do Algarve e ao quotidiano de tantas gera\u00e7\u00f5es, tornava ainda mais urgente a necessidade de intervir. Hoje, temos diante de n\u00f3s a possibilidade de restaurar o esplendor deste im\u00f3vel e coloc\u00e1-lo novamente ao servi\u00e7o da comunidade e da regi\u00e3o\u201d, concluiu.\n<\/p>\n<p class=\"p1\">A F\u00e1brica do Ingl\u00eas foi constru\u00edda em 1894 como uma unidade de transforma\u00e7\u00e3o da corti\u00e7a. Em 1908, Victor Sadler, cidad\u00e3o brit\u00e2nico, \u00e9 contratado para a gest\u00e3o da unidade fabril, ficando para sempre associado \u00e0 sua identidade e \u00e0 origem do nome \u201cF\u00e1brica do Ingl\u00eas\u201d. Ap\u00f3s o encerramento da atividade industrial, o complexo foi reabilitado e, em 1999, abriu ao p\u00fablico como Museu da Corti\u00e7a. Nos anos seguintes, acolheu tamb\u00e9m concertos, exposi\u00e7\u00f5es e eventos culturais, refor\u00e7ando o seu papel como centro cultural din\u00e2mico.\n<\/p>\n<p class=\"p1\">A unidade manteve-se ativa durante v\u00e1rios anos ap\u00f3s a sua reconvers\u00e3o, mas acabaria por encerrar em 2010, na sequ\u00eancia da insolv\u00eancia da empresa gestora. O espa\u00e7o foi classificado como Monumento de Interesse Municipal e foi proposta a sua classifica\u00e7\u00e3o como Monumento de Interesse P\u00fablico (MIP), processo que nunca ficou conclu\u00eddo.\t\t\t\t\t\t\t\t<\/div>\n\t\t\t\t<\/div>\n\t\t\t\t\t<\/div>\n\t\t\t\t<\/div>\n\t\t<div class=\"elementor-element elementor-element-cd2fa53 animated-fast e-flex e-con-boxed elementor-invisible e-con e-parent\" data-id=\"cd2fa53\" data-element_type=\"container\" data-settings=\"{&quot;animation&quot;:&quot;h-neuron-animation--slideUp&quot;}\">\n\t\t\t\t\t<div class=\"e-con-inner\">\n\t\t<div class=\"elementor-element elementor-element-109933b e-con-full e-flex e-con e-child\" data-id=\"109933b\" data-element_type=\"container\">\n\t\t\t\t<div class=\"elementor-element elementor-element-6ee1856 elementor-widget elementor-widget-neuron-post-navigation\" data-id=\"6ee1856\" data-element_type=\"widget\" data-widget_type=\"neuron-post-navigation.default\">\n\t\t\t\t<div class=\"elementor-widget-container\">\n\t\t\t\t\t\t\t<div class=\"o-post-navigation\">\r\n\r\n\t\t\t\r\n\t\t\t\t\t\t\t<div class=\"o-post-navigation__link o-post-navigation__link--prev\" >\r\n\t\t\t\t\t<a href=\"https:\/\/antrix.pt\/pt-pt\/antrix-e-carvoeiro-branco-anunciam-a-compra-da-emblematica-fabrica-do-ingles-em-silves\/\" rel=\"prev\"><div class=\"o-post-navigation__icon left\">\r\n\t\t\t \r\n\t\t\t<span class=\"o-post-navigation__label\">Anterior<\/span>\r\n\t\t\t<\/div>\r\n\t\t\t<span class=\"o-post-navigation__title\">Antrix e Carvoeiro Branco anunciam a compra da emblem\u00e1tica F\u00e1brica do Ingl\u00eas em Silves<\/span><\/a>\t\t\t\t<\/div>\r\n\t\t\t\r\n\t\t\t\t\t\t\t<div class=\"o-post-navigation__link o-post-navigation__link--next\" >\r\n\t\t\t\t\t<a href=\"https:\/\/antrix.pt\/pt-pt\/antrix-e-carvoeiro-branco-anunciam-investimento-de-25-milhoes-na-compra-da-fabrica-do-ingles-em-silves\/\" rel=\"next\"><div class=\"o-post-navigation__icon right\">\r\n\t\t\t<span class=\"o-post-navigation__label\">Pr\u00f3ximo<\/span> \r\n\t\t\t<\/div>\r\n\t\t\t<span class=\"o-post-navigation__title\">Antrix e Carvoeiro Branco anunciam investimento de 25 milh\u00f5es na compra da F\u00e1brica do Ingl\u00eas em Silves<\/span><\/a>\t\t\t\t<\/div>\r\n\t\t\t\t\t<\/div>\r\n\t\t\t\t\t<\/div>\n\t\t\t\t<\/div>\n\t\t\t\t<\/div>\n\t\t\t\t\t<\/div>\n\t\t\t\t<\/div>\n\t\t\t\t<\/div>\n\t\t","protected":false},"excerpt":{"rendered":"<p>O complexo foi comprado pelas promotoras imobili\u00e1rias Antrix e a Carvoeiro Branco, que preveem reabilitar os edif\u00ed\u00adcios hist\u00f3ricos, &#8230;<\/p>\n","protected":false},"author":4,"featured_media":10129,"comment_status":"open","ping_status":"open","sticky":false,"template":"elementor_header_footer","format":"standard","meta":{"footnotes":""},"categories":[113],"tags":[132],"class_list":["post-10029","post","type-post","status-publish","format-standard","has-post-thumbnail","hentry","category-noticias-artigos","tag-fabrica-do-ingles-pt-pt"],"yoast_head":"<!-- This site is optimized with the Yoast SEO plugin v25.0 - https:\/\/yoast.com\/wordpress\/plugins\/seo\/ -->\n<title>F\u00e1brica do Ingl\u00eas em Silves reabre Museu da Corti\u00e7a e um \u2018boutique\u2019 hotel - Antrix<\/title>\n<meta name=\"robots\" content=\"index, follow, max-snippet:-1, max-image-preview:large, max-video-preview:-1\" \/>\n<link rel=\"canonical\" href=\"https:\/\/antrix.pt\/pt-pt\/fabrica-do-ingles-em-silves-reabre-museu-da-cortica-e-um-boutique-hotel\/\" \/>\n<meta property=\"og:locale\" content=\"pt_PT\" \/>\n<meta property=\"og:type\" content=\"article\" \/>\n<meta property=\"og:title\" content=\"F\u00e1brica do Ingl\u00eas em Silves reabre Museu da Corti\u00e7a e um \u2018boutique\u2019 hotel - Antrix\" \/>\n<meta property=\"og:description\" content=\"O complexo foi comprado pelas promotoras imobili\u00e1rias Antrix e a Carvoeiro Branco, que preveem reabilitar os edif\u00ed\u00adcios hist\u00f3ricos, ...\" \/>\n<meta property=\"og:url\" content=\"https:\/\/antrix.pt\/pt-pt\/fabrica-do-ingles-em-silves-reabre-museu-da-cortica-e-um-boutique-hotel\/\" \/>\n<meta property=\"og:site_name\" content=\"Antrix\" \/>\n<meta property=\"article:published_time\" content=\"2025-09-11T15:19:49+00:00\" \/>\n<meta property=\"article:modified_time\" content=\"2025-11-26T10:58:58+00:00\" \/>\n<meta property=\"og:image\" content=\"https:\/\/antrix.pt\/wp-content\/uploads\/2025\/09\/Antrix-Media-Templates-8-scaled.png\" \/>\n\t<meta property=\"og:image:width\" content=\"2500\" \/>\n\t<meta property=\"og:image:height\" content=\"1406\" \/>\n\t<meta property=\"og:image:type\" content=\"image\/png\" \/>\n<meta name=\"author\" content=\"Pedro Limbert\" \/>\n<meta name=\"twitter:card\" content=\"summary_large_image\" \/>\n<meta name=\"twitter:label1\" content=\"Escrito por\" \/>\n\t<meta name=\"twitter:data1\" content=\"Pedro Limbert\" \/>\n\t<meta name=\"twitter:label2\" content=\"Tempo estimado de leitura\" \/>\n\t<meta name=\"twitter:data2\" content=\"3 minutos\" \/>\n<script type=\"application\/ld+json\" class=\"yoast-schema-graph\">{\"@context\":\"https:\/\/schema.org\",\"@graph\":[{\"@type\":\"Article\",\"@id\":\"https:\/\/antrix.pt\/pt-pt\/fabrica-do-ingles-em-silves-reabre-museu-da-cortica-e-um-boutique-hotel\/#article\",\"isPartOf\":{\"@id\":\"https:\/\/antrix.pt\/pt-pt\/fabrica-do-ingles-em-silves-reabre-museu-da-cortica-e-um-boutique-hotel\/\"},\"author\":{\"name\":\"Pedro Limbert\",\"@id\":\"https:\/\/antrix.pt\/pt-pt\/#\/schema\/person\/1fd445dfd27972e12ec431e2b62b3588\"},\"headline\":\"F\u00e1brica do Ingl\u00eas em Silves reabre Museu da Corti\u00e7a e um \u2018boutique\u2019 hotel\",\"datePublished\":\"2025-09-11T15:19:49+00:00\",\"dateModified\":\"2025-11-26T10:58:58+00:00\",\"mainEntityOfPage\":{\"@id\":\"https:\/\/antrix.pt\/pt-pt\/fabrica-do-ingles-em-silves-reabre-museu-da-cortica-e-um-boutique-hotel\/\"},\"wordCount\":626,\"commentCount\":0,\"publisher\":{\"@id\":\"https:\/\/antrix.pt\/pt-pt\/#organization\"},\"image\":{\"@id\":\"https:\/\/antrix.pt\/pt-pt\/fabrica-do-ingles-em-silves-reabre-museu-da-cortica-e-um-boutique-hotel\/#primaryimage\"},\"thumbnailUrl\":\"https:\/\/antrix.pt\/wp-content\/uploads\/2025\/09\/Antrix-Media-Templates-8-scaled.png\",\"keywords\":[\"F\u00e1brica do Ingl\u00eas\"],\"articleSection\":[\"Not\u00ed\u00adcias &amp; Artigos\"],\"inLanguage\":\"pt-PT\",\"potentialAction\":[{\"@type\":\"CommentAction\",\"name\":\"Comment\",\"target\":[\"https:\/\/antrix.pt\/pt-pt\/fabrica-do-ingles-em-silves-reabre-museu-da-cortica-e-um-boutique-hotel\/#respond\"]}]},{\"@type\":\"WebPage\",\"@id\":\"https:\/\/antrix.pt\/pt-pt\/fabrica-do-ingles-em-silves-reabre-museu-da-cortica-e-um-boutique-hotel\/\",\"url\":\"https:\/\/antrix.pt\/pt-pt\/fabrica-do-ingles-em-silves-reabre-museu-da-cortica-e-um-boutique-hotel\/\",\"name\":\"F\u00e1brica do Ingl\u00eas em Silves reabre Museu da Corti\u00e7a e um \u2018boutique\u2019 hotel - Antrix\",\"isPartOf\":{\"@id\":\"https:\/\/antrix.pt\/pt-pt\/#website\"},\"primaryImageOfPage\":{\"@id\":\"https:\/\/antrix.pt\/pt-pt\/fabrica-do-ingles-em-silves-reabre-museu-da-cortica-e-um-boutique-hotel\/#primaryimage\"},\"image\":{\"@id\":\"https:\/\/antrix.pt\/pt-pt\/fabrica-do-ingles-em-silves-reabre-museu-da-cortica-e-um-boutique-hotel\/#primaryimage\"},\"thumbnailUrl\":\"https:\/\/antrix.pt\/wp-content\/uploads\/2025\/09\/Antrix-Media-Templates-8-scaled.png\",\"datePublished\":\"2025-09-11T15:19:49+00:00\",\"dateModified\":\"2025-11-26T10:58:58+00:00\",\"breadcrumb\":{\"@id\":\"https:\/\/antrix.pt\/pt-pt\/fabrica-do-ingles-em-silves-reabre-museu-da-cortica-e-um-boutique-hotel\/#breadcrumb\"},\"inLanguage\":\"pt-PT\",\"potentialAction\":[{\"@type\":\"ReadAction\",\"target\":[\"https:\/\/antrix.pt\/pt-pt\/fabrica-do-ingles-em-silves-reabre-museu-da-cortica-e-um-boutique-hotel\/\"]}]},{\"@type\":\"ImageObject\",\"inLanguage\":\"pt-PT\",\"@id\":\"https:\/\/antrix.pt\/pt-pt\/fabrica-do-ingles-em-silves-reabre-museu-da-cortica-e-um-boutique-hotel\/#primaryimage\",\"url\":\"https:\/\/antrix.pt\/wp-content\/uploads\/2025\/09\/Antrix-Media-Templates-8-scaled.png\",\"contentUrl\":\"https:\/\/antrix.pt\/wp-content\/uploads\/2025\/09\/Antrix-Media-Templates-8-scaled.png\",\"width\":2500,\"height\":1406},{\"@type\":\"BreadcrumbList\",\"@id\":\"https:\/\/antrix.pt\/pt-pt\/fabrica-do-ingles-em-silves-reabre-museu-da-cortica-e-um-boutique-hotel\/#breadcrumb\",\"itemListElement\":[{\"@type\":\"ListItem\",\"position\":1,\"name\":\"In\u00edcio\",\"item\":\"https:\/\/antrix.pt\/pt-pt\/home\/\"},{\"@type\":\"ListItem\",\"position\":2,\"name\":\"F\u00e1brica do Ingl\u00eas em Silves reabre Museu da Corti\u00e7a e um \u2018boutique\u2019 hotel\"}]},{\"@type\":\"WebSite\",\"@id\":\"https:\/\/antrix.pt\/pt-pt\/#website\",\"url\":\"https:\/\/antrix.pt\/pt-pt\/\",\"name\":\"Antrix\",\"description\":\"DEVELOPING WITH PRECISION AND CARE\",\"publisher\":{\"@id\":\"https:\/\/antrix.pt\/pt-pt\/#organization\"},\"potentialAction\":[{\"@type\":\"SearchAction\",\"target\":{\"@type\":\"EntryPoint\",\"urlTemplate\":\"https:\/\/antrix.pt\/pt-pt\/?s={search_term_string}\"},\"query-input\":{\"@type\":\"PropertyValueSpecification\",\"valueRequired\":true,\"valueName\":\"search_term_string\"}}],\"inLanguage\":\"pt-PT\"},{\"@type\":\"Organization\",\"@id\":\"https:\/\/antrix.pt\/pt-pt\/#organization\",\"name\":\"Antrix\",\"url\":\"https:\/\/antrix.pt\/pt-pt\/\",\"logo\":{\"@type\":\"ImageObject\",\"inLanguage\":\"pt-PT\",\"@id\":\"https:\/\/antrix.pt\/pt-pt\/#\/schema\/logo\/image\/\",\"url\":\"\",\"contentUrl\":\"\",\"caption\":\"Antrix\"},\"image\":{\"@id\":\"https:\/\/antrix.pt\/pt-pt\/#\/schema\/logo\/image\/\"}},{\"@type\":\"Person\",\"@id\":\"https:\/\/antrix.pt\/pt-pt\/#\/schema\/person\/1fd445dfd27972e12ec431e2b62b3588\",\"name\":\"Pedro Limbert\",\"image\":{\"@type\":\"ImageObject\",\"inLanguage\":\"pt-PT\",\"@id\":\"https:\/\/antrix.pt\/pt-pt\/#\/schema\/person\/image\/\",\"url\":\"https:\/\/secure.gravatar.com\/avatar\/af658f1d63650100a1bae539737418e591de7baa923238b358553c27962dc571?s=96&d=mm&r=g\",\"contentUrl\":\"https:\/\/secure.gravatar.com\/avatar\/af658f1d63650100a1bae539737418e591de7baa923238b358553c27962dc571?s=96&d=mm&r=g\",\"caption\":\"Pedro Limbert\"},\"sameAs\":[\"https:\/\/antrix.pt\"],\"url\":\"https:\/\/antrix.pt\/pt-pt\/author\/pedrolimbert\/\"}]}<\/script>\n<!-- \/ Yoast SEO plugin. -->","yoast_head_json":{"title":"F\u00e1brica do Ingl\u00eas em Silves reabre Museu da Corti\u00e7a e um \u2018boutique\u2019 hotel - Antrix","robots":{"index":"index","follow":"follow","max-snippet":"max-snippet:-1","max-image-preview":"max-image-preview:large","max-video-preview":"max-video-preview:-1"},"canonical":"https:\/\/antrix.pt\/pt-pt\/fabrica-do-ingles-em-silves-reabre-museu-da-cortica-e-um-boutique-hotel\/","og_locale":"pt_PT","og_type":"article","og_title":"F\u00e1brica do Ingl\u00eas em Silves reabre Museu da Corti\u00e7a e um \u2018boutique\u2019 hotel - Antrix","og_description":"O complexo foi comprado pelas promotoras imobili\u00e1rias Antrix e a Carvoeiro Branco, que preveem reabilitar os edif\u00ed\u00adcios hist\u00f3ricos, ...","og_url":"https:\/\/antrix.pt\/pt-pt\/fabrica-do-ingles-em-silves-reabre-museu-da-cortica-e-um-boutique-hotel\/","og_site_name":"Antrix","article_published_time":"2025-09-11T15:19:49+00:00","article_modified_time":"2025-11-26T10:58:58+00:00","og_image":[{"width":2500,"height":1406,"url":"https:\/\/antrix.pt\/wp-content\/uploads\/2025\/09\/Antrix-Media-Templates-8-scaled.png","type":"image\/png"}],"author":"Pedro Limbert","twitter_card":"summary_large_image","twitter_misc":{"Escrito por":"Pedro Limbert","Tempo estimado de leitura":"3 minutos"},"schema":{"@context":"https:\/\/schema.org","@graph":[{"@type":"Article","@id":"https:\/\/antrix.pt\/pt-pt\/fabrica-do-ingles-em-silves-reabre-museu-da-cortica-e-um-boutique-hotel\/#article","isPartOf":{"@id":"https:\/\/antrix.pt\/pt-pt\/fabrica-do-ingles-em-silves-reabre-museu-da-cortica-e-um-boutique-hotel\/"},"author":{"name":"Pedro Limbert","@id":"https:\/\/antrix.pt\/pt-pt\/#\/schema\/person\/1fd445dfd27972e12ec431e2b62b3588"},"headline":"F\u00e1brica do Ingl\u00eas em Silves reabre Museu da Corti\u00e7a e um \u2018boutique\u2019 hotel","datePublished":"2025-09-11T15:19:49+00:00","dateModified":"2025-11-26T10:58:58+00:00","mainEntityOfPage":{"@id":"https:\/\/antrix.pt\/pt-pt\/fabrica-do-ingles-em-silves-reabre-museu-da-cortica-e-um-boutique-hotel\/"},"wordCount":626,"commentCount":0,"publisher":{"@id":"https:\/\/antrix.pt\/pt-pt\/#organization"},"image":{"@id":"https:\/\/antrix.pt\/pt-pt\/fabrica-do-ingles-em-silves-reabre-museu-da-cortica-e-um-boutique-hotel\/#primaryimage"},"thumbnailUrl":"https:\/\/antrix.pt\/wp-content\/uploads\/2025\/09\/Antrix-Media-Templates-8-scaled.png","keywords":["F\u00e1brica do Ingl\u00eas"],"articleSection":["Not\u00ed\u00adcias &amp; Artigos"],"inLanguage":"pt-PT","potentialAction":[{"@type":"CommentAction","name":"Comment","target":["https:\/\/antrix.pt\/pt-pt\/fabrica-do-ingles-em-silves-reabre-museu-da-cortica-e-um-boutique-hotel\/#respond"]}]},{"@type":"WebPage","@id":"https:\/\/antrix.pt\/pt-pt\/fabrica-do-ingles-em-silves-reabre-museu-da-cortica-e-um-boutique-hotel\/","url":"https:\/\/antrix.pt\/pt-pt\/fabrica-do-ingles-em-silves-reabre-museu-da-cortica-e-um-boutique-hotel\/","name":"F\u00e1brica do Ingl\u00eas em Silves reabre Museu da Corti\u00e7a e um \u2018boutique\u2019 hotel - Antrix","isPartOf":{"@id":"https:\/\/antrix.pt\/pt-pt\/#website"},"primaryImageOfPage":{"@id":"https:\/\/antrix.pt\/pt-pt\/fabrica-do-ingles-em-silves-reabre-museu-da-cortica-e-um-boutique-hotel\/#primaryimage"},"image":{"@id":"https:\/\/antrix.pt\/pt-pt\/fabrica-do-ingles-em-silves-reabre-museu-da-cortica-e-um-boutique-hotel\/#primaryimage"},"thumbnailUrl":"https:\/\/antrix.pt\/wp-content\/uploads\/2025\/09\/Antrix-Media-Templates-8-scaled.png","datePublished":"2025-09-11T15:19:49+00:00","dateModified":"2025-11-26T10:58:58+00:00","breadcrumb":{"@id":"https:\/\/antrix.pt\/pt-pt\/fabrica-do-ingles-em-silves-reabre-museu-da-cortica-e-um-boutique-hotel\/#breadcrumb"},"inLanguage":"pt-PT","potentialAction":[{"@type":"ReadAction","target":["https:\/\/antrix.pt\/pt-pt\/fabrica-do-ingles-em-silves-reabre-museu-da-cortica-e-um-boutique-hotel\/"]}]},{"@type":"ImageObject","inLanguage":"pt-PT","@id":"https:\/\/antrix.pt\/pt-pt\/fabrica-do-ingles-em-silves-reabre-museu-da-cortica-e-um-boutique-hotel\/#primaryimage","url":"https:\/\/antrix.pt\/wp-content\/uploads\/2025\/09\/Antrix-Media-Templates-8-scaled.png","contentUrl":"https:\/\/antrix.pt\/wp-content\/uploads\/2025\/09\/Antrix-Media-Templates-8-scaled.png","width":2500,"height":1406},{"@type":"BreadcrumbList","@id":"https:\/\/antrix.pt\/pt-pt\/fabrica-do-ingles-em-silves-reabre-museu-da-cortica-e-um-boutique-hotel\/#breadcrumb","itemListElement":[{"@type":"ListItem","position":1,"name":"In\u00edcio","item":"https:\/\/antrix.pt\/pt-pt\/home\/"},{"@type":"ListItem","position":2,"name":"F\u00e1brica do Ingl\u00eas em Silves reabre Museu da Corti\u00e7a e um \u2018boutique\u2019 hotel"}]},{"@type":"WebSite","@id":"https:\/\/antrix.pt\/pt-pt\/#website","url":"https:\/\/antrix.pt\/pt-pt\/","name":"Antrix","description":"DEVELOPING WITH PRECISION AND CARE","publisher":{"@id":"https:\/\/antrix.pt\/pt-pt\/#organization"},"potentialAction":[{"@type":"SearchAction","target":{"@type":"EntryPoint","urlTemplate":"https:\/\/antrix.pt\/pt-pt\/?s={search_term_string}"},"query-input":{"@type":"PropertyValueSpecification","valueRequired":true,"valueName":"search_term_string"}}],"inLanguage":"pt-PT"},{"@type":"Organization","@id":"https:\/\/antrix.pt\/pt-pt\/#organization","name":"Antrix","url":"https:\/\/antrix.pt\/pt-pt\/","logo":{"@type":"ImageObject","inLanguage":"pt-PT","@id":"https:\/\/antrix.pt\/pt-pt\/#\/schema\/logo\/image\/","url":"","contentUrl":"","caption":"Antrix"},"image":{"@id":"https:\/\/antrix.pt\/pt-pt\/#\/schema\/logo\/image\/"}},{"@type":"Person","@id":"https:\/\/antrix.pt\/pt-pt\/#\/schema\/person\/1fd445dfd27972e12ec431e2b62b3588","name":"Pedro Limbert","image":{"@type":"ImageObject","inLanguage":"pt-PT","@id":"https:\/\/antrix.pt\/pt-pt\/#\/schema\/person\/image\/","url":"https:\/\/secure.gravatar.com\/avatar\/af658f1d63650100a1bae539737418e591de7baa923238b358553c27962dc571?s=96&d=mm&r=g","contentUrl":"https:\/\/secure.gravatar.com\/avatar\/af658f1d63650100a1bae539737418e591de7baa923238b358553c27962dc571?s=96&d=mm&r=g","caption":"Pedro Limbert"},"sameAs":["https:\/\/antrix.pt"],"url":"https:\/\/antrix.pt\/pt-pt\/author\/pedrolimbert\/"}]}},"_links":{"self":[{"href":"https:\/\/antrix.pt\/pt-pt\/wp-json\/wp\/v2\/posts\/10029","targetHints":{"allow":["GET"]}}],"collection":[{"href":"https:\/\/antrix.pt\/pt-pt\/wp-json\/wp\/v2\/posts"}],"about":[{"href":"https:\/\/antrix.pt\/pt-pt\/wp-json\/wp\/v2\/types\/post"}],"author":[{"embeddable":true,"href":"https:\/\/antrix.pt\/pt-pt\/wp-json\/wp\/v2\/users\/4"}],"replies":[{"embeddable":true,"href":"https:\/\/antrix.pt\/pt-pt\/wp-json\/wp\/v2\/comments?post=10029"}],"version-history":[{"count":8,"href":"https:\/\/antrix.pt\/pt-pt\/wp-json\/wp\/v2\/posts\/10029\/revisions"}],"predecessor-version":[{"id":10347,"href":"https:\/\/antrix.pt\/pt-pt\/wp-json\/wp\/v2\/posts\/10029\/revisions\/10347"}],"wp:featuredmedia":[{"embeddable":true,"href":"https:\/\/antrix.pt\/pt-pt\/wp-json\/wp\/v2\/media\/10129"}],"wp:attachment":[{"href":"https:\/\/antrix.pt\/pt-pt\/wp-json\/wp\/v2\/media?parent=10029"}],"wp:term":[{"taxonomy":"category","embeddable":true,"href":"https:\/\/antrix.pt\/pt-pt\/wp-json\/wp\/v2\/categories?post=10029"},{"taxonomy":"post_tag","embeddable":true,"href":"https:\/\/antrix.pt\/pt-pt\/wp-json\/wp\/v2\/tags?post=10029"}],"curies":[{"name":"wp","href":"https:\/\/api.w.org\/{rel}","templated":true}]}}