{"id":10012,"date":"2025-09-04T12:24:48","date_gmt":"2025-09-04T11:24:48","guid":{"rendered":"https:\/\/antrix.pt\/?p=10012"},"modified":"2025-09-10T12:28:28","modified_gmt":"2025-09-10T11:28:28","slug":"fabrica-do-ingles-em-silves-renasce-com-novo-projeto-cultural-e-turistico","status":"publish","type":"post","link":"https:\/\/antrix.pt\/pt-pt\/fabrica-do-ingles-em-silves-renasce-com-novo-projeto-cultural-e-turistico\/","title":{"rendered":"F\u00e1brica do Ingl\u00eas em Silves renasce com novo projeto cultural e tur\u00ed\u00adstico"},"content":{"rendered":"\t\t<div data-elementor-type=\"wp-post\" data-elementor-id=\"10012\" class=\"elementor elementor-10012\" data-elementor-post-type=\"post\">\n\t\t\t\t<div class=\"elementor-element elementor-element-e171361 animated-fast e-flex e-con-boxed elementor-invisible e-con e-parent\" data-id=\"e171361\" data-element_type=\"container\" data-settings=\"{&quot;background_background&quot;:&quot;classic&quot;,&quot;animation&quot;:&quot;h-neuron-animation--slideUp&quot;}\">\n\t\t\t\t\t<div class=\"e-con-inner\">\n\t\t<div class=\"elementor-element elementor-element-7da5131 e-con-full e-flex e-con e-child\" data-id=\"7da5131\" data-element_type=\"container\">\n\t\t\t\t<div class=\"elementor-element elementor-element-7640e65 elementor-widget elementor-widget-heading\" data-id=\"7640e65\" data-element_type=\"widget\" data-widget_type=\"heading.default\">\n\t\t\t\t<div class=\"elementor-widget-container\">\n\t\t\t\t\t<span class=\"elementor-heading-title elementor-size-default\">4 Setembro 2025<\/span>\t\t\t\t<\/div>\n\t\t\t\t<\/div>\n\t\t\t\t<div class=\"elementor-element elementor-element-c1392d6 elementor-widget elementor-widget-heading\" data-id=\"c1392d6\" data-element_type=\"widget\" data-widget_type=\"heading.default\">\n\t\t\t\t<div class=\"elementor-widget-container\">\n\t\t\t\t\t<span class=\"elementor-heading-title elementor-size-default\"><a href=\"https:\/\/antrix.pt\/pt-pt\/tag\/fabrica-do-ingles-pt-pt\/\" rel=\"tag\">F\u00e1brica do Ingl\u00eas<\/a><\/span>\t\t\t\t<\/div>\n\t\t\t\t<\/div>\n\t\t\t\t<\/div>\n\t\t\t\t<div class=\"elementor-element elementor-element-8b88963 elementor-widget elementor-widget-neuron-post-title elementor-page-title elementor-widget-heading\" data-id=\"8b88963\" data-element_type=\"widget\" data-widget_type=\"neuron-post-title.default\">\n\t\t\t\t<div class=\"elementor-widget-container\">\n\t\t\t\t\t<h3 class=\"elementor-heading-title elementor-size-default\">F\u00e1brica do Ingl\u00eas em Silves renasce com novo projeto cultural e tur\u00ed\u00adstico<\/h3>\t\t\t\t<\/div>\n\t\t\t\t<\/div>\n\t\t\t\t\t<\/div>\n\t\t\t\t<\/div>\n\t\t<div class=\"elementor-element elementor-element-1b76ddc animated-fast e-flex e-con-boxed elementor-invisible e-con e-parent\" data-id=\"1b76ddc\" data-element_type=\"container\" data-settings=\"{&quot;animation&quot;:&quot;h-neuron-animation--slideUp&quot;}\">\n\t\t\t\t\t<div class=\"e-con-inner\">\n\t\t\t\t<div class=\"elementor-element elementor-element-fe49ccd elementor-widget elementor-widget-text-editor\" data-id=\"fe49ccd\" data-element_type=\"widget\" data-widget_type=\"text-editor.default\">\n\t\t\t\t<div class=\"elementor-widget-container\">\n\t\t\t\t\t\t\t\t\t<em>Source:<span style=\"text-decoration: underline;\"><a href=\"https:\/\/www.avozdoalgarve.pt\/d\/fabrica-do-ingles-em-silves-renasce-com-novo-projeto-cultural-e-turistico\/88359\"> https:\/\/www.avozdoalgarve.pt\/d\/fabrica-do-ingles-em-silves-renasce-com-novo-projeto-cultural-e-turistico\/88359\n<\/a><\/span><\/em>\n<h5><h5>F\u00e1brica do Ingl\u00eas em Silves renasce com novo projeto cultural e tur\u00edstico<\/h5>\n<strong>A emblem\u00e1tica F\u00e1brica do Ingl\u00eas, em Silves, vai ganhar uma nova vida ap\u00f3s anos de abandono.<\/strong>\n<\/p>\n<p class=\"p1\">As promotoras imobili\u00e1rias Antrix e Carvoeiro Branco anunciaram a aquisi\u00e7\u00e3o do espa\u00e7o hist\u00f3rico, com um projeto que promete devolver-lhe o papel central na vida cultural da cidade e refor\u00e7ar a sua import\u00e2ncia patrimonial no Algarve.\n<\/p>\n<p class=\"p1\">O plano prev\u00ea a reabertura do Museu da Corti\u00e7a, distinguido em 2001 como o melhor museu industrial da Europa, ano em que recebeu mais de 100 mil visitantes. Tamb\u00e9m os edif\u00edcios hist\u00f3ricos ser\u00e3o alvo de reabilita\u00e7\u00e3o, incluindo o ic\u00f3nico chalet do s\u00e9culo XIX, que voltar\u00e1 a acolher uma casa de ch\u00e1.\n<\/p>\n<p class=\"p1\">Al\u00e9m da vertente cultural, o projeto contempla a cria\u00e7\u00e3o de uma unidade hoteleira de charme e a instala\u00e7\u00e3o dos escrit\u00f3rios das duas promotoras em Silves, refor\u00e7ando a liga\u00e7\u00e3o da Antrix e da Carvoeiro Branco ao concelho.\n<\/p>\n<p class=\"p1\">Segundo Erik de Vlieger, cofundador da Antrix e CEO da Carvoeiro Branco, \u201ca F\u00e1brica do Ingl\u00eas \u00e9 um marco incontorn\u00e1vel da mem\u00f3ria coletiva de Silves. O nosso objetivo \u00e9 preservar a sua identidade e devolver-lhe vida com um novo prop\u00f3sito que valorize o territ\u00f3rio e respeite a sua hist\u00f3ria\u201d.\n<\/p>\n<p class=\"p1\">A recupera\u00e7\u00e3o do espa\u00e7o contou com o apoio da C\u00e2mara Municipal de Silves, em particular da presidente Rosa Palma, da vice-presidente Lu\u00edsa Conduto e do vereador Maxime Sousa Bispo, bem como do Banco Atl\u00e2ntico Europa, parceiros fundamentais no processo.\n<\/p>\n<p class=\"p1\">Com ra\u00edzes que remontam a 1894, a F\u00e1brica do Ingl\u00eas nasceu como unidade de transforma\u00e7\u00e3o da corti\u00e7a e tornou-se uma refer\u00eancia nacional ap\u00f3s a abertura ao p\u00fablico, em 1999, como Museu da Corti\u00e7a. Encerrada em 2009 devido \u00e0 insolv\u00eancia da entidade gestora, iniciou-se ent\u00e3o um longo per\u00edodo de degrada\u00e7\u00e3o.\n<\/p>\n<p class=\"p1\">\nAgora, com este novo investimento, o espa\u00e7o prepara-se para renascer como polo cultural, tur\u00edstico e econ\u00f3mico, reafirmando a sua relev\u00e2ncia para Silves e para o Algarve.\t\t\t\t\t\t\t\t<\/div>\n\t\t\t\t<\/div>\n\t\t\t\t\t<\/div>\n\t\t\t\t<\/div>\n\t\t<div class=\"elementor-element elementor-element-cd2fa53 animated-fast e-flex e-con-boxed elementor-invisible e-con e-parent\" data-id=\"cd2fa53\" data-element_type=\"container\" data-settings=\"{&quot;animation&quot;:&quot;h-neuron-animation--slideUp&quot;}\">\n\t\t\t\t\t<div class=\"e-con-inner\">\n\t\t<div class=\"elementor-element elementor-element-109933b e-con-full e-flex e-con e-child\" data-id=\"109933b\" data-element_type=\"container\">\n\t\t\t\t<div class=\"elementor-element elementor-element-6ee1856 elementor-widget elementor-widget-neuron-post-navigation\" data-id=\"6ee1856\" data-element_type=\"widget\" data-widget_type=\"neuron-post-navigation.default\">\n\t\t\t\t<div class=\"elementor-widget-container\">\n\t\t\t\t\t\t\t<div class=\"o-post-navigation\">\r\n\r\n\t\t\t\r\n\t\t\t\t\t\t\t<div class=\"o-post-navigation__link o-post-navigation__link--prev\" >\r\n\t\t\t\t\t<a href=\"https:\/\/antrix.pt\/pt-pt\/as-promotoras-antrix-e-carvoeiro-branco-compram-a-iconica-fabrica-do-ingles-em-silves\/\" rel=\"prev\"><div class=\"o-post-navigation__icon left\">\r\n\t\t\t \r\n\t\t\t<span class=\"o-post-navigation__label\">Anterior<\/span>\r\n\t\t\t<\/div>\r\n\t\t\t<span class=\"o-post-navigation__title\">As promotoras Antrix e Carvoeiro Branco compram a ic\u00f3nica F\u00e1brica do Ingl\u00eas em Silves<\/span><\/a>\t\t\t\t<\/div>\r\n\t\t\t\r\n\t\t\t\t\t\t\t<div class=\"o-post-navigation__link o-post-navigation__link--next\" >\r\n\t\t\t\t\t<a href=\"https:\/\/antrix.pt\/pt-pt\/antrix-e-carvoeiro-branco-anunciam-a-compra-da-fabrica-do-ingles\/\" rel=\"next\"><div class=\"o-post-navigation__icon right\">\r\n\t\t\t<span class=\"o-post-navigation__label\">Pr\u00f3ximo<\/span> \r\n\t\t\t<\/div>\r\n\t\t\t<span class=\"o-post-navigation__title\">Antrix e Carvoeiro Branco Anunciam a Compra da F\u00e1brica do Ingl\u00eas<\/span><\/a>\t\t\t\t<\/div>\r\n\t\t\t\t\t<\/div>\r\n\t\t\t\t\t<\/div>\n\t\t\t\t<\/div>\n\t\t\t\t<\/div>\n\t\t\t\t\t<\/div>\n\t\t\t\t<\/div>\n\t\t\t\t<\/div>\n\t\t","protected":false},"excerpt":{"rendered":"<p>A emblem\u00e1tica F\u00e1brica do Ingl\u00eas, em Silves, vai ganhar uma nova vida ap\u00f3s anos de abandono &#8230;<\/p>\n","protected":false},"author":4,"featured_media":9944,"comment_status":"open","ping_status":"open","sticky":false,"template":"elementor_header_footer","format":"standard","meta":{"footnotes":""},"categories":[113],"tags":[132],"class_list":["post-10012","post","type-post","status-publish","format-standard","has-post-thumbnail","hentry","category-noticias-artigos","tag-fabrica-do-ingles-pt-pt"],"yoast_head":"<!-- This site is optimized with the Yoast SEO plugin v25.0 - https:\/\/yoast.com\/wordpress\/plugins\/seo\/ -->\n<title>F\u00e1brica do Ingl\u00eas em Silves renasce com novo projeto cultural e tur\u00ed\u00adstico - Antrix<\/title>\n<meta name=\"robots\" content=\"index, follow, max-snippet:-1, max-image-preview:large, max-video-preview:-1\" \/>\n<link rel=\"canonical\" href=\"https:\/\/antrix.pt\/pt-pt\/fabrica-do-ingles-em-silves-renasce-com-novo-projeto-cultural-e-turistico\/\" \/>\n<meta property=\"og:locale\" content=\"pt_PT\" \/>\n<meta property=\"og:type\" content=\"article\" \/>\n<meta property=\"og:title\" content=\"F\u00e1brica do Ingl\u00eas em Silves renasce com novo projeto cultural e tur\u00ed\u00adstico - Antrix\" \/>\n<meta property=\"og:description\" content=\"A emblem\u00e1tica F\u00e1brica do Ingl\u00eas, em Silves, vai ganhar uma nova vida ap\u00f3s anos de abandono ...\" \/>\n<meta property=\"og:url\" content=\"https:\/\/antrix.pt\/pt-pt\/fabrica-do-ingles-em-silves-renasce-com-novo-projeto-cultural-e-turistico\/\" \/>\n<meta property=\"og:site_name\" content=\"Antrix\" \/>\n<meta property=\"article:published_time\" content=\"2025-09-04T11:24:48+00:00\" \/>\n<meta property=\"article:modified_time\" content=\"2025-09-10T11:28:28+00:00\" \/>\n<meta property=\"og:image\" content=\"https:\/\/antrix.pt\/wp-content\/uploads\/2025\/08\/Front_Page-Edited-scaled.jpg\" \/>\n\t<meta property=\"og:image:width\" content=\"2500\" \/>\n\t<meta property=\"og:image:height\" content=\"1406\" \/>\n\t<meta property=\"og:image:type\" content=\"image\/jpeg\" \/>\n<meta name=\"author\" content=\"Pedro Limbert\" \/>\n<meta name=\"twitter:card\" content=\"summary_large_image\" \/>\n<meta name=\"twitter:label1\" content=\"Escrito por\" \/>\n\t<meta name=\"twitter:data1\" content=\"Pedro Limbert\" \/>\n\t<meta name=\"twitter:label2\" content=\"Tempo estimado de leitura\" \/>\n\t<meta name=\"twitter:data2\" content=\"2 minutos\" \/>\n<script type=\"application\/ld+json\" class=\"yoast-schema-graph\">{\"@context\":\"https:\/\/schema.org\",\"@graph\":[{\"@type\":\"Article\",\"@id\":\"https:\/\/antrix.pt\/pt-pt\/fabrica-do-ingles-em-silves-renasce-com-novo-projeto-cultural-e-turistico\/#article\",\"isPartOf\":{\"@id\":\"https:\/\/antrix.pt\/pt-pt\/fabrica-do-ingles-em-silves-renasce-com-novo-projeto-cultural-e-turistico\/\"},\"author\":{\"name\":\"Pedro Limbert\",\"@id\":\"https:\/\/antrix.pt\/pt-pt\/#\/schema\/person\/1fd445dfd27972e12ec431e2b62b3588\"},\"headline\":\"F\u00e1brica do Ingl\u00eas em Silves renasce com novo projeto cultural e tur\u00ed\u00adstico\",\"datePublished\":\"2025-09-04T11:24:48+00:00\",\"dateModified\":\"2025-09-10T11:28:28+00:00\",\"mainEntityOfPage\":{\"@id\":\"https:\/\/antrix.pt\/pt-pt\/fabrica-do-ingles-em-silves-renasce-com-novo-projeto-cultural-e-turistico\/\"},\"wordCount\":401,\"commentCount\":0,\"publisher\":{\"@id\":\"https:\/\/antrix.pt\/pt-pt\/#organization\"},\"image\":{\"@id\":\"https:\/\/antrix.pt\/pt-pt\/fabrica-do-ingles-em-silves-renasce-com-novo-projeto-cultural-e-turistico\/#primaryimage\"},\"thumbnailUrl\":\"https:\/\/antrix.pt\/wp-content\/uploads\/2025\/08\/Front_Page-Edited-scaled.jpg\",\"keywords\":[\"F\u00e1brica do Ingl\u00eas\"],\"articleSection\":[\"Not\u00ed\u00adcias &amp; Artigos\"],\"inLanguage\":\"pt-PT\",\"potentialAction\":[{\"@type\":\"CommentAction\",\"name\":\"Comment\",\"target\":[\"https:\/\/antrix.pt\/pt-pt\/fabrica-do-ingles-em-silves-renasce-com-novo-projeto-cultural-e-turistico\/#respond\"]}]},{\"@type\":\"WebPage\",\"@id\":\"https:\/\/antrix.pt\/pt-pt\/fabrica-do-ingles-em-silves-renasce-com-novo-projeto-cultural-e-turistico\/\",\"url\":\"https:\/\/antrix.pt\/pt-pt\/fabrica-do-ingles-em-silves-renasce-com-novo-projeto-cultural-e-turistico\/\",\"name\":\"F\u00e1brica do Ingl\u00eas em Silves renasce com novo projeto cultural e tur\u00ed\u00adstico - Antrix\",\"isPartOf\":{\"@id\":\"https:\/\/antrix.pt\/pt-pt\/#website\"},\"primaryImageOfPage\":{\"@id\":\"https:\/\/antrix.pt\/pt-pt\/fabrica-do-ingles-em-silves-renasce-com-novo-projeto-cultural-e-turistico\/#primaryimage\"},\"image\":{\"@id\":\"https:\/\/antrix.pt\/pt-pt\/fabrica-do-ingles-em-silves-renasce-com-novo-projeto-cultural-e-turistico\/#primaryimage\"},\"thumbnailUrl\":\"https:\/\/antrix.pt\/wp-content\/uploads\/2025\/08\/Front_Page-Edited-scaled.jpg\",\"datePublished\":\"2025-09-04T11:24:48+00:00\",\"dateModified\":\"2025-09-10T11:28:28+00:00\",\"breadcrumb\":{\"@id\":\"https:\/\/antrix.pt\/pt-pt\/fabrica-do-ingles-em-silves-renasce-com-novo-projeto-cultural-e-turistico\/#breadcrumb\"},\"inLanguage\":\"pt-PT\",\"potentialAction\":[{\"@type\":\"ReadAction\",\"target\":[\"https:\/\/antrix.pt\/pt-pt\/fabrica-do-ingles-em-silves-renasce-com-novo-projeto-cultural-e-turistico\/\"]}]},{\"@type\":\"ImageObject\",\"inLanguage\":\"pt-PT\",\"@id\":\"https:\/\/antrix.pt\/pt-pt\/fabrica-do-ingles-em-silves-renasce-com-novo-projeto-cultural-e-turistico\/#primaryimage\",\"url\":\"https:\/\/antrix.pt\/wp-content\/uploads\/2025\/08\/Front_Page-Edited-scaled.jpg\",\"contentUrl\":\"https:\/\/antrix.pt\/wp-content\/uploads\/2025\/08\/Front_Page-Edited-scaled.jpg\",\"width\":2500,\"height\":1406,\"caption\":\"fabrica do ingl\u00eas com castelo de silves ao fundo\"},{\"@type\":\"BreadcrumbList\",\"@id\":\"https:\/\/antrix.pt\/pt-pt\/fabrica-do-ingles-em-silves-renasce-com-novo-projeto-cultural-e-turistico\/#breadcrumb\",\"itemListElement\":[{\"@type\":\"ListItem\",\"position\":1,\"name\":\"In\u00edcio\",\"item\":\"https:\/\/antrix.pt\/pt-pt\/home\/\"},{\"@type\":\"ListItem\",\"position\":2,\"name\":\"F\u00e1brica do Ingl\u00eas em Silves renasce com novo projeto cultural e tur\u00ed\u00adstico\"}]},{\"@type\":\"WebSite\",\"@id\":\"https:\/\/antrix.pt\/pt-pt\/#website\",\"url\":\"https:\/\/antrix.pt\/pt-pt\/\",\"name\":\"Antrix\",\"description\":\"DEVELOPING WITH PRECISION AND CARE\",\"publisher\":{\"@id\":\"https:\/\/antrix.pt\/pt-pt\/#organization\"},\"potentialAction\":[{\"@type\":\"SearchAction\",\"target\":{\"@type\":\"EntryPoint\",\"urlTemplate\":\"https:\/\/antrix.pt\/pt-pt\/?s={search_term_string}\"},\"query-input\":{\"@type\":\"PropertyValueSpecification\",\"valueRequired\":true,\"valueName\":\"search_term_string\"}}],\"inLanguage\":\"pt-PT\"},{\"@type\":\"Organization\",\"@id\":\"https:\/\/antrix.pt\/pt-pt\/#organization\",\"name\":\"Antrix\",\"url\":\"https:\/\/antrix.pt\/pt-pt\/\",\"logo\":{\"@type\":\"ImageObject\",\"inLanguage\":\"pt-PT\",\"@id\":\"https:\/\/antrix.pt\/pt-pt\/#\/schema\/logo\/image\/\",\"url\":\"\",\"contentUrl\":\"\",\"caption\":\"Antrix\"},\"image\":{\"@id\":\"https:\/\/antrix.pt\/pt-pt\/#\/schema\/logo\/image\/\"}},{\"@type\":\"Person\",\"@id\":\"https:\/\/antrix.pt\/pt-pt\/#\/schema\/person\/1fd445dfd27972e12ec431e2b62b3588\",\"name\":\"Pedro Limbert\",\"image\":{\"@type\":\"ImageObject\",\"inLanguage\":\"pt-PT\",\"@id\":\"https:\/\/antrix.pt\/pt-pt\/#\/schema\/person\/image\/\",\"url\":\"https:\/\/secure.gravatar.com\/avatar\/af658f1d63650100a1bae539737418e591de7baa923238b358553c27962dc571?s=96&d=mm&r=g\",\"contentUrl\":\"https:\/\/secure.gravatar.com\/avatar\/af658f1d63650100a1bae539737418e591de7baa923238b358553c27962dc571?s=96&d=mm&r=g\",\"caption\":\"Pedro Limbert\"},\"sameAs\":[\"https:\/\/antrix.pt\"],\"url\":\"https:\/\/antrix.pt\/pt-pt\/author\/pedrolimbert\/\"}]}<\/script>\n<!-- \/ Yoast SEO plugin. -->","yoast_head_json":{"title":"F\u00e1brica do Ingl\u00eas em Silves renasce com novo projeto cultural e tur\u00ed\u00adstico - Antrix","robots":{"index":"index","follow":"follow","max-snippet":"max-snippet:-1","max-image-preview":"max-image-preview:large","max-video-preview":"max-video-preview:-1"},"canonical":"https:\/\/antrix.pt\/pt-pt\/fabrica-do-ingles-em-silves-renasce-com-novo-projeto-cultural-e-turistico\/","og_locale":"pt_PT","og_type":"article","og_title":"F\u00e1brica do Ingl\u00eas em Silves renasce com novo projeto cultural e tur\u00ed\u00adstico - Antrix","og_description":"A emblem\u00e1tica F\u00e1brica do Ingl\u00eas, em Silves, vai ganhar uma nova vida ap\u00f3s anos de abandono ...","og_url":"https:\/\/antrix.pt\/pt-pt\/fabrica-do-ingles-em-silves-renasce-com-novo-projeto-cultural-e-turistico\/","og_site_name":"Antrix","article_published_time":"2025-09-04T11:24:48+00:00","article_modified_time":"2025-09-10T11:28:28+00:00","og_image":[{"width":2500,"height":1406,"url":"https:\/\/antrix.pt\/wp-content\/uploads\/2025\/08\/Front_Page-Edited-scaled.jpg","type":"image\/jpeg"}],"author":"Pedro Limbert","twitter_card":"summary_large_image","twitter_misc":{"Escrito por":"Pedro Limbert","Tempo estimado de leitura":"2 minutos"},"schema":{"@context":"https:\/\/schema.org","@graph":[{"@type":"Article","@id":"https:\/\/antrix.pt\/pt-pt\/fabrica-do-ingles-em-silves-renasce-com-novo-projeto-cultural-e-turistico\/#article","isPartOf":{"@id":"https:\/\/antrix.pt\/pt-pt\/fabrica-do-ingles-em-silves-renasce-com-novo-projeto-cultural-e-turistico\/"},"author":{"name":"Pedro Limbert","@id":"https:\/\/antrix.pt\/pt-pt\/#\/schema\/person\/1fd445dfd27972e12ec431e2b62b3588"},"headline":"F\u00e1brica do Ingl\u00eas em Silves renasce com novo projeto cultural e tur\u00ed\u00adstico","datePublished":"2025-09-04T11:24:48+00:00","dateModified":"2025-09-10T11:28:28+00:00","mainEntityOfPage":{"@id":"https:\/\/antrix.pt\/pt-pt\/fabrica-do-ingles-em-silves-renasce-com-novo-projeto-cultural-e-turistico\/"},"wordCount":401,"commentCount":0,"publisher":{"@id":"https:\/\/antrix.pt\/pt-pt\/#organization"},"image":{"@id":"https:\/\/antrix.pt\/pt-pt\/fabrica-do-ingles-em-silves-renasce-com-novo-projeto-cultural-e-turistico\/#primaryimage"},"thumbnailUrl":"https:\/\/antrix.pt\/wp-content\/uploads\/2025\/08\/Front_Page-Edited-scaled.jpg","keywords":["F\u00e1brica do Ingl\u00eas"],"articleSection":["Not\u00ed\u00adcias &amp; Artigos"],"inLanguage":"pt-PT","potentialAction":[{"@type":"CommentAction","name":"Comment","target":["https:\/\/antrix.pt\/pt-pt\/fabrica-do-ingles-em-silves-renasce-com-novo-projeto-cultural-e-turistico\/#respond"]}]},{"@type":"WebPage","@id":"https:\/\/antrix.pt\/pt-pt\/fabrica-do-ingles-em-silves-renasce-com-novo-projeto-cultural-e-turistico\/","url":"https:\/\/antrix.pt\/pt-pt\/fabrica-do-ingles-em-silves-renasce-com-novo-projeto-cultural-e-turistico\/","name":"F\u00e1brica do Ingl\u00eas em Silves renasce com novo projeto cultural e tur\u00ed\u00adstico - Antrix","isPartOf":{"@id":"https:\/\/antrix.pt\/pt-pt\/#website"},"primaryImageOfPage":{"@id":"https:\/\/antrix.pt\/pt-pt\/fabrica-do-ingles-em-silves-renasce-com-novo-projeto-cultural-e-turistico\/#primaryimage"},"image":{"@id":"https:\/\/antrix.pt\/pt-pt\/fabrica-do-ingles-em-silves-renasce-com-novo-projeto-cultural-e-turistico\/#primaryimage"},"thumbnailUrl":"https:\/\/antrix.pt\/wp-content\/uploads\/2025\/08\/Front_Page-Edited-scaled.jpg","datePublished":"2025-09-04T11:24:48+00:00","dateModified":"2025-09-10T11:28:28+00:00","breadcrumb":{"@id":"https:\/\/antrix.pt\/pt-pt\/fabrica-do-ingles-em-silves-renasce-com-novo-projeto-cultural-e-turistico\/#breadcrumb"},"inLanguage":"pt-PT","potentialAction":[{"@type":"ReadAction","target":["https:\/\/antrix.pt\/pt-pt\/fabrica-do-ingles-em-silves-renasce-com-novo-projeto-cultural-e-turistico\/"]}]},{"@type":"ImageObject","inLanguage":"pt-PT","@id":"https:\/\/antrix.pt\/pt-pt\/fabrica-do-ingles-em-silves-renasce-com-novo-projeto-cultural-e-turistico\/#primaryimage","url":"https:\/\/antrix.pt\/wp-content\/uploads\/2025\/08\/Front_Page-Edited-scaled.jpg","contentUrl":"https:\/\/antrix.pt\/wp-content\/uploads\/2025\/08\/Front_Page-Edited-scaled.jpg","width":2500,"height":1406,"caption":"fabrica do ingl\u00eas com castelo de silves ao fundo"},{"@type":"BreadcrumbList","@id":"https:\/\/antrix.pt\/pt-pt\/fabrica-do-ingles-em-silves-renasce-com-novo-projeto-cultural-e-turistico\/#breadcrumb","itemListElement":[{"@type":"ListItem","position":1,"name":"In\u00edcio","item":"https:\/\/antrix.pt\/pt-pt\/home\/"},{"@type":"ListItem","position":2,"name":"F\u00e1brica do Ingl\u00eas em Silves renasce com novo projeto cultural e tur\u00ed\u00adstico"}]},{"@type":"WebSite","@id":"https:\/\/antrix.pt\/pt-pt\/#website","url":"https:\/\/antrix.pt\/pt-pt\/","name":"Antrix","description":"DEVELOPING WITH PRECISION AND CARE","publisher":{"@id":"https:\/\/antrix.pt\/pt-pt\/#organization"},"potentialAction":[{"@type":"SearchAction","target":{"@type":"EntryPoint","urlTemplate":"https:\/\/antrix.pt\/pt-pt\/?s={search_term_string}"},"query-input":{"@type":"PropertyValueSpecification","valueRequired":true,"valueName":"search_term_string"}}],"inLanguage":"pt-PT"},{"@type":"Organization","@id":"https:\/\/antrix.pt\/pt-pt\/#organization","name":"Antrix","url":"https:\/\/antrix.pt\/pt-pt\/","logo":{"@type":"ImageObject","inLanguage":"pt-PT","@id":"https:\/\/antrix.pt\/pt-pt\/#\/schema\/logo\/image\/","url":"","contentUrl":"","caption":"Antrix"},"image":{"@id":"https:\/\/antrix.pt\/pt-pt\/#\/schema\/logo\/image\/"}},{"@type":"Person","@id":"https:\/\/antrix.pt\/pt-pt\/#\/schema\/person\/1fd445dfd27972e12ec431e2b62b3588","name":"Pedro Limbert","image":{"@type":"ImageObject","inLanguage":"pt-PT","@id":"https:\/\/antrix.pt\/pt-pt\/#\/schema\/person\/image\/","url":"https:\/\/secure.gravatar.com\/avatar\/af658f1d63650100a1bae539737418e591de7baa923238b358553c27962dc571?s=96&d=mm&r=g","contentUrl":"https:\/\/secure.gravatar.com\/avatar\/af658f1d63650100a1bae539737418e591de7baa923238b358553c27962dc571?s=96&d=mm&r=g","caption":"Pedro Limbert"},"sameAs":["https:\/\/antrix.pt"],"url":"https:\/\/antrix.pt\/pt-pt\/author\/pedrolimbert\/"}]}},"_links":{"self":[{"href":"https:\/\/antrix.pt\/pt-pt\/wp-json\/wp\/v2\/posts\/10012","targetHints":{"allow":["GET"]}}],"collection":[{"href":"https:\/\/antrix.pt\/pt-pt\/wp-json\/wp\/v2\/posts"}],"about":[{"href":"https:\/\/antrix.pt\/pt-pt\/wp-json\/wp\/v2\/types\/post"}],"author":[{"embeddable":true,"href":"https:\/\/antrix.pt\/pt-pt\/wp-json\/wp\/v2\/users\/4"}],"replies":[{"embeddable":true,"href":"https:\/\/antrix.pt\/pt-pt\/wp-json\/wp\/v2\/comments?post=10012"}],"version-history":[{"count":7,"href":"https:\/\/antrix.pt\/pt-pt\/wp-json\/wp\/v2\/posts\/10012\/revisions"}],"predecessor-version":[{"id":10019,"href":"https:\/\/antrix.pt\/pt-pt\/wp-json\/wp\/v2\/posts\/10012\/revisions\/10019"}],"wp:featuredmedia":[{"embeddable":true,"href":"https:\/\/antrix.pt\/pt-pt\/wp-json\/wp\/v2\/media\/9944"}],"wp:attachment":[{"href":"https:\/\/antrix.pt\/pt-pt\/wp-json\/wp\/v2\/media?parent=10012"}],"wp:term":[{"taxonomy":"category","embeddable":true,"href":"https:\/\/antrix.pt\/pt-pt\/wp-json\/wp\/v2\/categories?post=10012"},{"taxonomy":"post_tag","embeddable":true,"href":"https:\/\/antrix.pt\/pt-pt\/wp-json\/wp\/v2\/tags?post=10012"}],"curies":[{"name":"wp","href":"https:\/\/api.w.org\/{rel}","templated":true}]}}