{"id":10004,"date":"2025-09-03T12:15:42","date_gmt":"2025-09-03T11:15:42","guid":{"rendered":"https:\/\/antrix.pt\/?p=10004"},"modified":"2025-09-10T12:18:24","modified_gmt":"2025-09-10T11:18:24","slug":"as-promotoras-antrix-e-carvoeiro-branco-compram-a-iconica-fabrica-do-ingles-em-silves","status":"publish","type":"post","link":"https:\/\/antrix.pt\/pt-pt\/as-promotoras-antrix-e-carvoeiro-branco-compram-a-iconica-fabrica-do-ingles-em-silves\/","title":{"rendered":"As promotoras Antrix e Carvoeiro Branco compram a ic\u00f3nica F\u00e1brica do Ingl\u00eas em Silves"},"content":{"rendered":"\t\t<div data-elementor-type=\"wp-post\" data-elementor-id=\"10004\" class=\"elementor elementor-10004\" data-elementor-post-type=\"post\">\n\t\t\t\t<div class=\"elementor-element elementor-element-e171361 animated-fast e-flex e-con-boxed elementor-invisible e-con e-parent\" data-id=\"e171361\" data-element_type=\"container\" data-settings=\"{&quot;background_background&quot;:&quot;classic&quot;,&quot;animation&quot;:&quot;h-neuron-animation--slideUp&quot;}\">\n\t\t\t\t\t<div class=\"e-con-inner\">\n\t\t<div class=\"elementor-element elementor-element-7da5131 e-con-full e-flex e-con e-child\" data-id=\"7da5131\" data-element_type=\"container\">\n\t\t\t\t<div class=\"elementor-element elementor-element-7640e65 elementor-widget elementor-widget-heading\" data-id=\"7640e65\" data-element_type=\"widget\" data-widget_type=\"heading.default\">\n\t\t\t\t<div class=\"elementor-widget-container\">\n\t\t\t\t\t<span class=\"elementor-heading-title elementor-size-default\">3 Setembro 2025<\/span>\t\t\t\t<\/div>\n\t\t\t\t<\/div>\n\t\t\t\t<div class=\"elementor-element elementor-element-c1392d6 elementor-widget elementor-widget-heading\" data-id=\"c1392d6\" data-element_type=\"widget\" data-widget_type=\"heading.default\">\n\t\t\t\t<div class=\"elementor-widget-container\">\n\t\t\t\t\t<span class=\"elementor-heading-title elementor-size-default\"><a href=\"https:\/\/antrix.pt\/pt-pt\/tag\/fabrica-do-ingles-pt-pt\/\" rel=\"tag\">F\u00e1brica do Ingl\u00eas<\/a><\/span>\t\t\t\t<\/div>\n\t\t\t\t<\/div>\n\t\t\t\t<\/div>\n\t\t\t\t<div class=\"elementor-element elementor-element-8b88963 elementor-widget elementor-widget-neuron-post-title elementor-page-title elementor-widget-heading\" data-id=\"8b88963\" data-element_type=\"widget\" data-widget_type=\"neuron-post-title.default\">\n\t\t\t\t<div class=\"elementor-widget-container\">\n\t\t\t\t\t<h3 class=\"elementor-heading-title elementor-size-default\">As promotoras Antrix e Carvoeiro Branco compram a ic\u00f3nica F\u00e1brica do Ingl\u00eas em Silves<\/h3>\t\t\t\t<\/div>\n\t\t\t\t<\/div>\n\t\t\t\t\t<\/div>\n\t\t\t\t<\/div>\n\t\t<div class=\"elementor-element elementor-element-1b76ddc animated-fast e-flex e-con-boxed elementor-invisible e-con e-parent\" data-id=\"1b76ddc\" data-element_type=\"container\" data-settings=\"{&quot;animation&quot;:&quot;h-neuron-animation--slideUp&quot;}\">\n\t\t\t\t\t<div class=\"e-con-inner\">\n\t\t\t\t<div class=\"elementor-element elementor-element-fe49ccd elementor-widget elementor-widget-text-editor\" data-id=\"fe49ccd\" data-element_type=\"widget\" data-widget_type=\"text-editor.default\">\n\t\t\t\t<div class=\"elementor-widget-container\">\n\t\t\t\t\t\t\t\t\t<em>Source:<span style=\"text-decoration: underline;\"><a href=\"https:\/\/www.diarioimobiliario.pt\/As-promotoras-Antrix-e-Carvoeiro-Branco-compram-a-iconica-Fabrica-do-Ingles-em-Silves\"> https:\/\/www.diarioimobiliario.pt\/As-promotoras-Antrix-e-Carvoeiro-Branco-compram-a-iconica-Fabrica-do-Ingles-em-Silves<\/a><\/span><\/em>\n<h5><h5>As promotoras Antrix e Carvoeiro Branco compram a ic\u00f3nica F\u00e1brica do Ingl\u00eas em Silves<\/h5>\nA Antrix e a Carvoeiro Branco, promotoras imobili\u00e1rias sediadas no Algarve, anunciam a aquisi\u00e7\u00e3o da emblem\u00e1tica F\u00e1brica do Ingl\u00eas, em Silves. O futuro da F\u00e1brica passar\u00e1 pela valoriza\u00e7\u00e3o da sua vertente cultural e da mem\u00f3ria industrial que lhe deu origem, m, com destaque para a reabertura de um espa\u00e7o aberto \u00e0 comunidade, que volte a colocar a F\u00e1brica no cora\u00e7\u00e3o da vida cultural da cidade. O ponto de partida ser\u00e1 a reabertura do Museu da Corti\u00e7a, distinguido em 2001 como o melhor museu industrial da Europa, ano em que recebeu mais de 100 mil visitantes.\n<\/p>\n<p class=\"p1\">O projecto contempla ainda a preserva\u00e7\u00e3o e reabilita\u00e7\u00e3o dos edif\u00edcios hist\u00f3ricos que comp\u00f5em o complexo, com destaque para o ic\u00f3nico chalet do s\u00e9culo XIX, que ser\u00e1 cuidadosamente recuperado e continuar\u00e1 a acolher uma casa de ch\u00e1. Est\u00e1 igualmente prevista a instala\u00e7\u00e3o dos futuros escrit\u00f3rios da Antrix e da Carvoeiro Branco no interior de um dos edif\u00edcios hist\u00f3ricos reabilitados, refor\u00e7ando n\u00e3o s\u00f3 o enraizamento local das promotoras, como tamb\u00e9m o seu compromisso com a valoriza\u00e7\u00e3o e preserva\u00e7\u00e3o do patrim\u00f3nio edificado. A cria\u00e7\u00e3o de uma unidade hoteleira de charme completar\u00e1 o projecto, promovendo novas din\u00e2micas econ\u00f3micas e culturais para a cidade.\n<\/p>\n<p class=\"p1\">\u201cA F\u00e1brica do Ingl\u00eas \u00e9 um marco incontorn\u00e1vel da mem\u00f3ria coletiva de Silves. O nosso objectivo \u00e9 preservar a sua identidade e devolver-lhe vida com um novo prop\u00f3sito que valorize o territ\u00f3rio e respeite a sua hist\u00f3ria. Orgulhamo-nos de estar em posi\u00e7\u00e3o de reativar um espa\u00e7o t\u00e3o relevante para a cidade e para o Algarve\u201d, revelam em comunicado as promotoras.\n<\/p>\n<p class=\"p1\">Um Legado Industrial e Cultural que Atravessa S\u00e9culos A F\u00e1brica do Ingl\u00eas tem ra\u00edzes profundas na hist\u00f3ria industrial e cultural do Algarve. Teve as suas origens em 1894, quando foi constru\u00edda como unidade de transforma\u00e7\u00e3o da corti\u00e7a, uma das ind\u00fastrias mais relevantes para a economia algarvia do s\u00e9culo XIX e XX. Em 1908, Victor Sadler, cidad\u00e3o brit\u00e2nico, \u00e9 contratado para a gest\u00e3o da unidade fabril, ficando para sempre associado \u00e0 sua identidade e \u00e0 origem do nome \u201cF\u00e1brica do Ingl\u00eas\u201d.\n<\/p>\n<p class=\"p1\">Ap\u00f3s o encerramento da actividade industrial, o complexo foi reabilitado e em 1999 abriu ao p\u00fablico como Museu da Corti\u00e7a, tornando-se uma refer\u00eancia nacional. Nos anos seguintes, acolheu tamb\u00e9m concertos, exposi\u00e7\u00f5es e eventos culturais, refor\u00e7ando o seu papel como centro cultural din\u00e2mico.\n<\/p>\n<p class=\"p1\">A unidade manteve-se activa durante v\u00e1rios anos ap\u00f3s a sua reconvers\u00e3o, mas acabaria por encerrar em 2009, na sequ\u00eancia da insolv\u00eancia da empresa gestora, iniciando-se ent\u00e3o um longo per\u00edodo de abandono e degrada\u00e7\u00e3o. Foi nesse contexto que a Antrix e a Carvoeiro Branco iniciaram dilig\u00eancias com vista \u00e0 recupera\u00e7\u00e3o do espa\u00e7o, reconhecendo a sua import\u00e2ncia hist\u00f3rica e cultural.\n<\/p>\n<p class=\"p1\"><strong>Um Projecto com Compromisso e Ra\u00edzes Locais<\/strong>\n<\/p>\n<p class=\"p1\">Os promotores indicam ainda que a concretiza\u00e7\u00e3o deste projecto n\u00e3o teria sido poss\u00edvel sem o apoio da C\u00e2mara Municipal de Silves. Destaca-se a vis\u00e3o e o contributo importante da Presidente Rosa Palma e da VicePresidente Lu\u00edsa Conduto, assim como a interven\u00e7\u00e3o do Vereador Maxime Sousa Bispo, com o pelouro do ordenamento do territ\u00f3rio e urbanismo, e dos servi\u00e7os de gest\u00e3o urban\u00edstica sob a sua al\u00e7ada, cuja colabora\u00e7\u00e3o institucional e t\u00e9cnica foi decisiva para a concretiza\u00e7\u00e3o deste investimento, impedindo a degrada\u00e7\u00e3o do espa\u00e7o e preparando o caminho para esta nova fase. O reconhecimento estende-se tamb\u00e9m ao Banco Atl\u00e2ntico Europa S.A., parceiro essencial neste percurso.\n<\/p>\n<p class=\"p1\">O compromisso das promotoras com Silves tem vindo a ser constru\u00eddo ao longo de quase duas d\u00e9cadas, desde que Erik de Vlieger manifestou o seu interesse pessoal pela F\u00e1brica do Ingl\u00eas. Ao longo dos anos, essa liga\u00e7\u00e3o foi-se aprofundando, nomeadamente atrav\u00e9s do patroc\u00ednio principal ao Silves Futebol Clube, liderado por Carlos Placa, cujo apoio cont\u00ednuo tem sido fundamental. A futura instala\u00e7\u00e3o dos escrit\u00f3rios da Antrix e da Carvoeiro Branco na cidade refor\u00e7a ainda mais a sua presen\u00e7a na comunidade local.\t\t\t\t\t\t\t\t<\/div>\n\t\t\t\t<\/div>\n\t\t\t\t\t<\/div>\n\t\t\t\t<\/div>\n\t\t<div class=\"elementor-element elementor-element-cd2fa53 animated-fast e-flex e-con-boxed elementor-invisible e-con e-parent\" data-id=\"cd2fa53\" data-element_type=\"container\" data-settings=\"{&quot;animation&quot;:&quot;h-neuron-animation--slideUp&quot;}\">\n\t\t\t\t\t<div class=\"e-con-inner\">\n\t\t<div class=\"elementor-element elementor-element-109933b e-con-full e-flex e-con e-child\" data-id=\"109933b\" data-element_type=\"container\">\n\t\t\t\t<div class=\"elementor-element elementor-element-6ee1856 elementor-widget elementor-widget-neuron-post-navigation\" data-id=\"6ee1856\" data-element_type=\"widget\" data-widget_type=\"neuron-post-navigation.default\">\n\t\t\t\t<div class=\"elementor-widget-container\">\n\t\t\t\t\t\t\t<div class=\"o-post-navigation\">\r\n\r\n\t\t\t\r\n\t\t\t\t\t\t\t<div class=\"o-post-navigation__link o-post-navigation__link--prev\" >\r\n\t\t\t\t\t<a href=\"https:\/\/antrix.pt\/pt-pt\/silves-imobiliarias-de-erik-de-vlieger-compram-devoluta-mas-iconica-fabrica-do-ingles\/\" rel=\"prev\"><div class=\"o-post-navigation__icon left\">\r\n\t\t\t \r\n\t\t\t<span class=\"o-post-navigation__label\">Anterior<\/span>\r\n\t\t\t<\/div>\r\n\t\t\t<span class=\"o-post-navigation__title\">Silves: Imobili\u00e1rias de Erik de Vlieger compram devoluta mas ic\u00f3nica F\u00e1brica do Ingl\u00eas<\/span><\/a>\t\t\t\t<\/div>\r\n\t\t\t\r\n\t\t\t\t\t\t\t<div class=\"o-post-navigation__link o-post-navigation__link--next\" >\r\n\t\t\t\t\t<a href=\"https:\/\/antrix.pt\/pt-pt\/fabrica-do-ingles-em-silves-renasce-com-novo-projeto-cultural-e-turistico\/\" rel=\"next\"><div class=\"o-post-navigation__icon right\">\r\n\t\t\t<span class=\"o-post-navigation__label\">Pr\u00f3ximo<\/span> \r\n\t\t\t<\/div>\r\n\t\t\t<span class=\"o-post-navigation__title\">F\u00e1brica do Ingl\u00eas em Silves renasce com novo projeto cultural e tur\u00ed\u00adstico<\/span><\/a>\t\t\t\t<\/div>\r\n\t\t\t\t\t<\/div>\r\n\t\t\t\t\t<\/div>\n\t\t\t\t<\/div>\n\t\t\t\t<\/div>\n\t\t\t\t\t<\/div>\n\t\t\t\t<\/div>\n\t\t\t\t<\/div>\n\t\t","protected":false},"excerpt":{"rendered":"<p>A Antrix e a Carvoeiro Branco, promotoras imobili\u00e1rias sediadas no Algarve, anunciam a aquisi\u00e7\u00e3o da emblem\u00e1tica F\u00e1brica do Ingl\u00eas, em Silves. O futuro da F\u00e1brica &#8230;<\/p>\n","protected":false},"author":4,"featured_media":9944,"comment_status":"open","ping_status":"open","sticky":false,"template":"elementor_header_footer","format":"standard","meta":{"footnotes":""},"categories":[113],"tags":[132],"class_list":["post-10004","post","type-post","status-publish","format-standard","has-post-thumbnail","hentry","category-noticias-artigos","tag-fabrica-do-ingles-pt-pt"],"yoast_head":"<!-- This site is optimized with the Yoast SEO plugin v25.0 - https:\/\/yoast.com\/wordpress\/plugins\/seo\/ -->\n<title>As promotoras Antrix e Carvoeiro Branco compram a ic\u00f3nica F\u00e1brica do Ingl\u00eas em Silves - Antrix<\/title>\n<meta name=\"robots\" content=\"index, follow, max-snippet:-1, max-image-preview:large, max-video-preview:-1\" \/>\n<link rel=\"canonical\" href=\"https:\/\/antrix.pt\/pt-pt\/as-promotoras-antrix-e-carvoeiro-branco-compram-a-iconica-fabrica-do-ingles-em-silves\/\" \/>\n<meta property=\"og:locale\" content=\"pt_PT\" \/>\n<meta property=\"og:type\" content=\"article\" \/>\n<meta property=\"og:title\" content=\"As promotoras Antrix e Carvoeiro Branco compram a ic\u00f3nica F\u00e1brica do Ingl\u00eas em Silves - Antrix\" \/>\n<meta property=\"og:description\" content=\"A Antrix e a Carvoeiro Branco, promotoras imobili\u00e1rias sediadas no Algarve, anunciam a aquisi\u00e7\u00e3o da emblem\u00e1tica F\u00e1brica do Ingl\u00eas, em Silves. O futuro da F\u00e1brica ...\" \/>\n<meta property=\"og:url\" content=\"https:\/\/antrix.pt\/pt-pt\/as-promotoras-antrix-e-carvoeiro-branco-compram-a-iconica-fabrica-do-ingles-em-silves\/\" \/>\n<meta property=\"og:site_name\" content=\"Antrix\" \/>\n<meta property=\"article:published_time\" content=\"2025-09-03T11:15:42+00:00\" \/>\n<meta property=\"article:modified_time\" content=\"2025-09-10T11:18:24+00:00\" \/>\n<meta property=\"og:image\" content=\"https:\/\/antrix.pt\/wp-content\/uploads\/2025\/08\/Front_Page-Edited-scaled.jpg\" \/>\n\t<meta property=\"og:image:width\" content=\"2500\" \/>\n\t<meta property=\"og:image:height\" content=\"1406\" \/>\n\t<meta property=\"og:image:type\" content=\"image\/jpeg\" \/>\n<meta name=\"author\" content=\"Pedro Limbert\" \/>\n<meta name=\"twitter:card\" content=\"summary_large_image\" \/>\n<meta name=\"twitter:label1\" content=\"Escrito por\" \/>\n\t<meta name=\"twitter:data1\" content=\"Pedro Limbert\" \/>\n\t<meta name=\"twitter:label2\" content=\"Tempo estimado de leitura\" \/>\n\t<meta name=\"twitter:data2\" content=\"4 minutos\" \/>\n<script type=\"application\/ld+json\" class=\"yoast-schema-graph\">{\"@context\":\"https:\/\/schema.org\",\"@graph\":[{\"@type\":\"Article\",\"@id\":\"https:\/\/antrix.pt\/pt-pt\/as-promotoras-antrix-e-carvoeiro-branco-compram-a-iconica-fabrica-do-ingles-em-silves\/#article\",\"isPartOf\":{\"@id\":\"https:\/\/antrix.pt\/pt-pt\/as-promotoras-antrix-e-carvoeiro-branco-compram-a-iconica-fabrica-do-ingles-em-silves\/\"},\"author\":{\"name\":\"Pedro Limbert\",\"@id\":\"https:\/\/antrix.pt\/pt-pt\/#\/schema\/person\/1fd445dfd27972e12ec431e2b62b3588\"},\"headline\":\"As promotoras Antrix e Carvoeiro Branco compram a ic\u00f3nica F\u00e1brica do Ingl\u00eas em Silves\",\"datePublished\":\"2025-09-03T11:15:42+00:00\",\"dateModified\":\"2025-09-10T11:18:24+00:00\",\"mainEntityOfPage\":{\"@id\":\"https:\/\/antrix.pt\/pt-pt\/as-promotoras-antrix-e-carvoeiro-branco-compram-a-iconica-fabrica-do-ingles-em-silves\/\"},\"wordCount\":780,\"commentCount\":0,\"publisher\":{\"@id\":\"https:\/\/antrix.pt\/pt-pt\/#organization\"},\"image\":{\"@id\":\"https:\/\/antrix.pt\/pt-pt\/as-promotoras-antrix-e-carvoeiro-branco-compram-a-iconica-fabrica-do-ingles-em-silves\/#primaryimage\"},\"thumbnailUrl\":\"https:\/\/antrix.pt\/wp-content\/uploads\/2025\/08\/Front_Page-Edited-scaled.jpg\",\"keywords\":[\"F\u00e1brica do Ingl\u00eas\"],\"articleSection\":[\"Not\u00ed\u00adcias &amp; Artigos\"],\"inLanguage\":\"pt-PT\",\"potentialAction\":[{\"@type\":\"CommentAction\",\"name\":\"Comment\",\"target\":[\"https:\/\/antrix.pt\/pt-pt\/as-promotoras-antrix-e-carvoeiro-branco-compram-a-iconica-fabrica-do-ingles-em-silves\/#respond\"]}]},{\"@type\":\"WebPage\",\"@id\":\"https:\/\/antrix.pt\/pt-pt\/as-promotoras-antrix-e-carvoeiro-branco-compram-a-iconica-fabrica-do-ingles-em-silves\/\",\"url\":\"https:\/\/antrix.pt\/pt-pt\/as-promotoras-antrix-e-carvoeiro-branco-compram-a-iconica-fabrica-do-ingles-em-silves\/\",\"name\":\"As promotoras Antrix e Carvoeiro Branco compram a ic\u00f3nica F\u00e1brica do Ingl\u00eas em Silves - Antrix\",\"isPartOf\":{\"@id\":\"https:\/\/antrix.pt\/pt-pt\/#website\"},\"primaryImageOfPage\":{\"@id\":\"https:\/\/antrix.pt\/pt-pt\/as-promotoras-antrix-e-carvoeiro-branco-compram-a-iconica-fabrica-do-ingles-em-silves\/#primaryimage\"},\"image\":{\"@id\":\"https:\/\/antrix.pt\/pt-pt\/as-promotoras-antrix-e-carvoeiro-branco-compram-a-iconica-fabrica-do-ingles-em-silves\/#primaryimage\"},\"thumbnailUrl\":\"https:\/\/antrix.pt\/wp-content\/uploads\/2025\/08\/Front_Page-Edited-scaled.jpg\",\"datePublished\":\"2025-09-03T11:15:42+00:00\",\"dateModified\":\"2025-09-10T11:18:24+00:00\",\"breadcrumb\":{\"@id\":\"https:\/\/antrix.pt\/pt-pt\/as-promotoras-antrix-e-carvoeiro-branco-compram-a-iconica-fabrica-do-ingles-em-silves\/#breadcrumb\"},\"inLanguage\":\"pt-PT\",\"potentialAction\":[{\"@type\":\"ReadAction\",\"target\":[\"https:\/\/antrix.pt\/pt-pt\/as-promotoras-antrix-e-carvoeiro-branco-compram-a-iconica-fabrica-do-ingles-em-silves\/\"]}]},{\"@type\":\"ImageObject\",\"inLanguage\":\"pt-PT\",\"@id\":\"https:\/\/antrix.pt\/pt-pt\/as-promotoras-antrix-e-carvoeiro-branco-compram-a-iconica-fabrica-do-ingles-em-silves\/#primaryimage\",\"url\":\"https:\/\/antrix.pt\/wp-content\/uploads\/2025\/08\/Front_Page-Edited-scaled.jpg\",\"contentUrl\":\"https:\/\/antrix.pt\/wp-content\/uploads\/2025\/08\/Front_Page-Edited-scaled.jpg\",\"width\":2500,\"height\":1406,\"caption\":\"fabrica do ingl\u00eas com castelo de silves ao fundo\"},{\"@type\":\"BreadcrumbList\",\"@id\":\"https:\/\/antrix.pt\/pt-pt\/as-promotoras-antrix-e-carvoeiro-branco-compram-a-iconica-fabrica-do-ingles-em-silves\/#breadcrumb\",\"itemListElement\":[{\"@type\":\"ListItem\",\"position\":1,\"name\":\"In\u00edcio\",\"item\":\"https:\/\/antrix.pt\/pt-pt\/home\/\"},{\"@type\":\"ListItem\",\"position\":2,\"name\":\"As promotoras Antrix e Carvoeiro Branco compram a ic\u00f3nica F\u00e1brica do Ingl\u00eas em Silves\"}]},{\"@type\":\"WebSite\",\"@id\":\"https:\/\/antrix.pt\/pt-pt\/#website\",\"url\":\"https:\/\/antrix.pt\/pt-pt\/\",\"name\":\"Antrix\",\"description\":\"DEVELOPING WITH PRECISION AND CARE\",\"publisher\":{\"@id\":\"https:\/\/antrix.pt\/pt-pt\/#organization\"},\"potentialAction\":[{\"@type\":\"SearchAction\",\"target\":{\"@type\":\"EntryPoint\",\"urlTemplate\":\"https:\/\/antrix.pt\/pt-pt\/?s={search_term_string}\"},\"query-input\":{\"@type\":\"PropertyValueSpecification\",\"valueRequired\":true,\"valueName\":\"search_term_string\"}}],\"inLanguage\":\"pt-PT\"},{\"@type\":\"Organization\",\"@id\":\"https:\/\/antrix.pt\/pt-pt\/#organization\",\"name\":\"Antrix\",\"url\":\"https:\/\/antrix.pt\/pt-pt\/\",\"logo\":{\"@type\":\"ImageObject\",\"inLanguage\":\"pt-PT\",\"@id\":\"https:\/\/antrix.pt\/pt-pt\/#\/schema\/logo\/image\/\",\"url\":\"\",\"contentUrl\":\"\",\"caption\":\"Antrix\"},\"image\":{\"@id\":\"https:\/\/antrix.pt\/pt-pt\/#\/schema\/logo\/image\/\"}},{\"@type\":\"Person\",\"@id\":\"https:\/\/antrix.pt\/pt-pt\/#\/schema\/person\/1fd445dfd27972e12ec431e2b62b3588\",\"name\":\"Pedro Limbert\",\"image\":{\"@type\":\"ImageObject\",\"inLanguage\":\"pt-PT\",\"@id\":\"https:\/\/antrix.pt\/pt-pt\/#\/schema\/person\/image\/\",\"url\":\"https:\/\/secure.gravatar.com\/avatar\/af658f1d63650100a1bae539737418e591de7baa923238b358553c27962dc571?s=96&d=mm&r=g\",\"contentUrl\":\"https:\/\/secure.gravatar.com\/avatar\/af658f1d63650100a1bae539737418e591de7baa923238b358553c27962dc571?s=96&d=mm&r=g\",\"caption\":\"Pedro Limbert\"},\"sameAs\":[\"https:\/\/antrix.pt\"],\"url\":\"https:\/\/antrix.pt\/pt-pt\/author\/pedrolimbert\/\"}]}<\/script>\n<!-- \/ Yoast SEO plugin. -->","yoast_head_json":{"title":"As promotoras Antrix e Carvoeiro Branco compram a ic\u00f3nica F\u00e1brica do Ingl\u00eas em Silves - Antrix","robots":{"index":"index","follow":"follow","max-snippet":"max-snippet:-1","max-image-preview":"max-image-preview:large","max-video-preview":"max-video-preview:-1"},"canonical":"https:\/\/antrix.pt\/pt-pt\/as-promotoras-antrix-e-carvoeiro-branco-compram-a-iconica-fabrica-do-ingles-em-silves\/","og_locale":"pt_PT","og_type":"article","og_title":"As promotoras Antrix e Carvoeiro Branco compram a ic\u00f3nica F\u00e1brica do Ingl\u00eas em Silves - Antrix","og_description":"A Antrix e a Carvoeiro Branco, promotoras imobili\u00e1rias sediadas no Algarve, anunciam a aquisi\u00e7\u00e3o da emblem\u00e1tica F\u00e1brica do Ingl\u00eas, em Silves. O futuro da F\u00e1brica ...","og_url":"https:\/\/antrix.pt\/pt-pt\/as-promotoras-antrix-e-carvoeiro-branco-compram-a-iconica-fabrica-do-ingles-em-silves\/","og_site_name":"Antrix","article_published_time":"2025-09-03T11:15:42+00:00","article_modified_time":"2025-09-10T11:18:24+00:00","og_image":[{"width":2500,"height":1406,"url":"https:\/\/antrix.pt\/wp-content\/uploads\/2025\/08\/Front_Page-Edited-scaled.jpg","type":"image\/jpeg"}],"author":"Pedro Limbert","twitter_card":"summary_large_image","twitter_misc":{"Escrito por":"Pedro Limbert","Tempo estimado de leitura":"4 minutos"},"schema":{"@context":"https:\/\/schema.org","@graph":[{"@type":"Article","@id":"https:\/\/antrix.pt\/pt-pt\/as-promotoras-antrix-e-carvoeiro-branco-compram-a-iconica-fabrica-do-ingles-em-silves\/#article","isPartOf":{"@id":"https:\/\/antrix.pt\/pt-pt\/as-promotoras-antrix-e-carvoeiro-branco-compram-a-iconica-fabrica-do-ingles-em-silves\/"},"author":{"name":"Pedro Limbert","@id":"https:\/\/antrix.pt\/pt-pt\/#\/schema\/person\/1fd445dfd27972e12ec431e2b62b3588"},"headline":"As promotoras Antrix e Carvoeiro Branco compram a ic\u00f3nica F\u00e1brica do Ingl\u00eas em Silves","datePublished":"2025-09-03T11:15:42+00:00","dateModified":"2025-09-10T11:18:24+00:00","mainEntityOfPage":{"@id":"https:\/\/antrix.pt\/pt-pt\/as-promotoras-antrix-e-carvoeiro-branco-compram-a-iconica-fabrica-do-ingles-em-silves\/"},"wordCount":780,"commentCount":0,"publisher":{"@id":"https:\/\/antrix.pt\/pt-pt\/#organization"},"image":{"@id":"https:\/\/antrix.pt\/pt-pt\/as-promotoras-antrix-e-carvoeiro-branco-compram-a-iconica-fabrica-do-ingles-em-silves\/#primaryimage"},"thumbnailUrl":"https:\/\/antrix.pt\/wp-content\/uploads\/2025\/08\/Front_Page-Edited-scaled.jpg","keywords":["F\u00e1brica do Ingl\u00eas"],"articleSection":["Not\u00ed\u00adcias &amp; Artigos"],"inLanguage":"pt-PT","potentialAction":[{"@type":"CommentAction","name":"Comment","target":["https:\/\/antrix.pt\/pt-pt\/as-promotoras-antrix-e-carvoeiro-branco-compram-a-iconica-fabrica-do-ingles-em-silves\/#respond"]}]},{"@type":"WebPage","@id":"https:\/\/antrix.pt\/pt-pt\/as-promotoras-antrix-e-carvoeiro-branco-compram-a-iconica-fabrica-do-ingles-em-silves\/","url":"https:\/\/antrix.pt\/pt-pt\/as-promotoras-antrix-e-carvoeiro-branco-compram-a-iconica-fabrica-do-ingles-em-silves\/","name":"As promotoras Antrix e Carvoeiro Branco compram a ic\u00f3nica F\u00e1brica do Ingl\u00eas em Silves - Antrix","isPartOf":{"@id":"https:\/\/antrix.pt\/pt-pt\/#website"},"primaryImageOfPage":{"@id":"https:\/\/antrix.pt\/pt-pt\/as-promotoras-antrix-e-carvoeiro-branco-compram-a-iconica-fabrica-do-ingles-em-silves\/#primaryimage"},"image":{"@id":"https:\/\/antrix.pt\/pt-pt\/as-promotoras-antrix-e-carvoeiro-branco-compram-a-iconica-fabrica-do-ingles-em-silves\/#primaryimage"},"thumbnailUrl":"https:\/\/antrix.pt\/wp-content\/uploads\/2025\/08\/Front_Page-Edited-scaled.jpg","datePublished":"2025-09-03T11:15:42+00:00","dateModified":"2025-09-10T11:18:24+00:00","breadcrumb":{"@id":"https:\/\/antrix.pt\/pt-pt\/as-promotoras-antrix-e-carvoeiro-branco-compram-a-iconica-fabrica-do-ingles-em-silves\/#breadcrumb"},"inLanguage":"pt-PT","potentialAction":[{"@type":"ReadAction","target":["https:\/\/antrix.pt\/pt-pt\/as-promotoras-antrix-e-carvoeiro-branco-compram-a-iconica-fabrica-do-ingles-em-silves\/"]}]},{"@type":"ImageObject","inLanguage":"pt-PT","@id":"https:\/\/antrix.pt\/pt-pt\/as-promotoras-antrix-e-carvoeiro-branco-compram-a-iconica-fabrica-do-ingles-em-silves\/#primaryimage","url":"https:\/\/antrix.pt\/wp-content\/uploads\/2025\/08\/Front_Page-Edited-scaled.jpg","contentUrl":"https:\/\/antrix.pt\/wp-content\/uploads\/2025\/08\/Front_Page-Edited-scaled.jpg","width":2500,"height":1406,"caption":"fabrica do ingl\u00eas com castelo de silves ao fundo"},{"@type":"BreadcrumbList","@id":"https:\/\/antrix.pt\/pt-pt\/as-promotoras-antrix-e-carvoeiro-branco-compram-a-iconica-fabrica-do-ingles-em-silves\/#breadcrumb","itemListElement":[{"@type":"ListItem","position":1,"name":"In\u00edcio","item":"https:\/\/antrix.pt\/pt-pt\/home\/"},{"@type":"ListItem","position":2,"name":"As promotoras Antrix e Carvoeiro Branco compram a ic\u00f3nica F\u00e1brica do Ingl\u00eas em Silves"}]},{"@type":"WebSite","@id":"https:\/\/antrix.pt\/pt-pt\/#website","url":"https:\/\/antrix.pt\/pt-pt\/","name":"Antrix","description":"DEVELOPING WITH PRECISION AND CARE","publisher":{"@id":"https:\/\/antrix.pt\/pt-pt\/#organization"},"potentialAction":[{"@type":"SearchAction","target":{"@type":"EntryPoint","urlTemplate":"https:\/\/antrix.pt\/pt-pt\/?s={search_term_string}"},"query-input":{"@type":"PropertyValueSpecification","valueRequired":true,"valueName":"search_term_string"}}],"inLanguage":"pt-PT"},{"@type":"Organization","@id":"https:\/\/antrix.pt\/pt-pt\/#organization","name":"Antrix","url":"https:\/\/antrix.pt\/pt-pt\/","logo":{"@type":"ImageObject","inLanguage":"pt-PT","@id":"https:\/\/antrix.pt\/pt-pt\/#\/schema\/logo\/image\/","url":"","contentUrl":"","caption":"Antrix"},"image":{"@id":"https:\/\/antrix.pt\/pt-pt\/#\/schema\/logo\/image\/"}},{"@type":"Person","@id":"https:\/\/antrix.pt\/pt-pt\/#\/schema\/person\/1fd445dfd27972e12ec431e2b62b3588","name":"Pedro Limbert","image":{"@type":"ImageObject","inLanguage":"pt-PT","@id":"https:\/\/antrix.pt\/pt-pt\/#\/schema\/person\/image\/","url":"https:\/\/secure.gravatar.com\/avatar\/af658f1d63650100a1bae539737418e591de7baa923238b358553c27962dc571?s=96&d=mm&r=g","contentUrl":"https:\/\/secure.gravatar.com\/avatar\/af658f1d63650100a1bae539737418e591de7baa923238b358553c27962dc571?s=96&d=mm&r=g","caption":"Pedro Limbert"},"sameAs":["https:\/\/antrix.pt"],"url":"https:\/\/antrix.pt\/pt-pt\/author\/pedrolimbert\/"}]}},"_links":{"self":[{"href":"https:\/\/antrix.pt\/pt-pt\/wp-json\/wp\/v2\/posts\/10004","targetHints":{"allow":["GET"]}}],"collection":[{"href":"https:\/\/antrix.pt\/pt-pt\/wp-json\/wp\/v2\/posts"}],"about":[{"href":"https:\/\/antrix.pt\/pt-pt\/wp-json\/wp\/v2\/types\/post"}],"author":[{"embeddable":true,"href":"https:\/\/antrix.pt\/pt-pt\/wp-json\/wp\/v2\/users\/4"}],"replies":[{"embeddable":true,"href":"https:\/\/antrix.pt\/pt-pt\/wp-json\/wp\/v2\/comments?post=10004"}],"version-history":[{"count":7,"href":"https:\/\/antrix.pt\/pt-pt\/wp-json\/wp\/v2\/posts\/10004\/revisions"}],"predecessor-version":[{"id":10011,"href":"https:\/\/antrix.pt\/pt-pt\/wp-json\/wp\/v2\/posts\/10004\/revisions\/10011"}],"wp:featuredmedia":[{"embeddable":true,"href":"https:\/\/antrix.pt\/pt-pt\/wp-json\/wp\/v2\/media\/9944"}],"wp:attachment":[{"href":"https:\/\/antrix.pt\/pt-pt\/wp-json\/wp\/v2\/media?parent=10004"}],"wp:term":[{"taxonomy":"category","embeddable":true,"href":"https:\/\/antrix.pt\/pt-pt\/wp-json\/wp\/v2\/categories?post=10004"},{"taxonomy":"post_tag","embeddable":true,"href":"https:\/\/antrix.pt\/pt-pt\/wp-json\/wp\/v2\/tags?post=10004"}],"curies":[{"name":"wp","href":"https:\/\/api.w.org\/{rel}","templated":true}]}}